{"id":10049,"date":"2006-08-04T06:19:08","date_gmt":"2006-08-04T05:19:08","guid":{"rendered":"http:\/\/w2.noticiasarquitectura.info\/qatar-se-convierte-en-un-nuevo-dubai\/"},"modified":"2006-08-04T06:19:08","modified_gmt":"2006-08-04T05:19:08","slug":"qatar-se-convierte-en-un-nuevo-dubai","status":"publish","type":"post","link":"https:\/\/www.professionearchitetto.it\/news\/es\/qatar-se-convierte-en-un-nuevo-dubai\/","title":{"rendered":"Qatar se convierte en un nuevo Dubai"},"content":{"rendered":"<div class=\"testo_es\"><A href=\"http:\/\/es.wikipedia.org\/wiki\/Qatar\" target=_blank>Qatar<\/A> quiere ser lo m\u00e1s. Peque\u00f1o, pero aparente. Con <A href=\"http:\/\/es.wikipedia.org\/wiki\/Arabia_Saudita\" target=_blank>Arabia Saud\u00ed<\/A> a sus espaldas y <A href=\"http:\/\/es.wikipedia.org\/wiki\/Emiratos_Arabes_Unidos\" target=_blank>Emiratos \u00c1rabes<\/A> a sus pies, es uno de los pa\u00edses m\u00e1s ricos del mundo. En la bah\u00eda, una l\u00e1mina azul turquesa refleja los nuevos edificios de la prolongaci\u00f3n de la ciudad. Hay m\u00e1s de 100 en construcci\u00f3n, y algunos est\u00e1n firmados por Pei, Isozaki, Calatrava o Nouvel&#8230;.. [<A href=\"http:\/\/www.elpais.es\/articulo\/revista\/agosto\/Qatar\/convierte\/nuevo\/Dubai\/elpporint\/20060804elpepirdv_29\/Tes\/\" target=_blank>ELPAIS.es<\/A>]<\/div>\n","protected":false},"excerpt":{"rendered":"<p>Qatar quiere ser lo m\u00e1s. Peque\u00f1o, pero aparente. Con Arabia Saud\u00ed a sus espaldas y Emiratos \u00c1rabes a sus pies, es uno de los pa\u00edses m\u00e1s ricos del mundo. En la bah\u00eda, una l\u00e1mina azul turquesa refleja los nuevos edificios de la prolongaci\u00f3n de la ciudad. Hay m\u00e1s de 100 en construcci\u00f3n, y algunos est\u00e1n [&hellip;]<\/p>\n","protected":false},"author":1,"featured_media":10050,"comment_status":"open","ping_status":"open","sticky":false,"template":"","format":"standard","meta":{"footnotes":""},"categories":[4],"tags":[],"class_list":{"0":"post-10049","1":"post","2":"type-post","3":"status-publish","4":"format-standard","5":"has-post-thumbnail","7":"category-es"},"amp_enabled":true,"_links":{"self":[{"href":"https:\/\/www.professionearchitetto.it\/news\/es\/wp-json\/wp\/v2\/posts\/10049","targetHints":{"allow":["GET"]}}],"collection":[{"href":"https:\/\/www.professionearchitetto.it\/news\/es\/wp-json\/wp\/v2\/posts"}],"about":[{"href":"https:\/\/www.professionearchitetto.it\/news\/es\/wp-json\/wp\/v2\/types\/post"}],"author":[{"embeddable":true,"href":"https:\/\/www.professionearchitetto.it\/news\/es\/wp-json\/wp\/v2\/users\/1"}],"replies":[{"embeddable":true,"href":"https:\/\/www.professionearchitetto.it\/news\/es\/wp-json\/wp\/v2\/comments?post=10049"}],"version-history":[{"count":0,"href":"https:\/\/www.professionearchitetto.it\/news\/es\/wp-json\/wp\/v2\/posts\/10049\/revisions"}],"wp:featuredmedia":[{"embeddable":true,"href":"https:\/\/www.professionearchitetto.it\/news\/es\/wp-json\/wp\/v2\/media\/10050"}],"wp:attachment":[{"href":"https:\/\/www.professionearchitetto.it\/news\/es\/wp-json\/wp\/v2\/media?parent=10049"}],"wp:term":[{"taxonomy":"category","embeddable":true,"href":"https:\/\/www.professionearchitetto.it\/news\/es\/wp-json\/wp\/v2\/categories?post=10049"},{"taxonomy":"post_tag","embeddable":true,"href":"https:\/\/www.professionearchitetto.it\/news\/es\/wp-json\/wp\/v2\/tags?post=10049"}],"curies":[{"name":"wp","href":"https:\/\/api.w.org\/{rel}","templated":true}]}}