{"id":10095,"date":"2006-07-21T05:00:07","date_gmt":"2006-07-21T04:00:07","guid":{"rendered":"http:\/\/w2.noticiasarquitectura.info\/cidade-da-cultura-de-galicia-peter-eisenman\/"},"modified":"2006-07-21T05:00:07","modified_gmt":"2006-07-21T04:00:07","slug":"cidade-da-cultura-de-galicia-peter-eisenman","status":"publish","type":"post","link":"https:\/\/www.professionearchitetto.it\/news\/es\/cidade-da-cultura-de-galicia-peter-eisenman\/","title":{"rendered":"Cidade da Cultura de Galicia, Peter Eisenman"},"content":{"rendered":"<div class=\"testo_es\">Espa\u00f1a &gt; informaci\u00f3n e im\u00e1genes de la construcci\u00f3n de la <A href=\"http:\/\/www.cidadedacultura.org\/\" target=_blank>Cidade da Cultura de Galicia<\/A> en el Monte Gai\u00e1s en Santiago de Compostela dise\u00f1ada por <A href=\"http:\/\/www.eisenmanarchitects.com\/\" target=_blank>Peter Eisenman<\/A> [<A href=\"http:\/\/www.cidadedacultura.org\/obra_aberta\/subgaleria.php?idn=Galeria_Obras_07_2006\/&amp;lg=cas\" target=_blank>cidadedacultura.org<\/A>]<\/div>\n","protected":false},"excerpt":{"rendered":"<p>Espa\u00f1a &gt; informaci\u00f3n e im\u00e1genes de la construcci\u00f3n de la Cidade da Cultura de Galicia en el Monte Gai\u00e1s en Santiago de Compostela dise\u00f1ada por Peter Eisenman [cidadedacultura.org]<\/p>\n","protected":false},"author":1,"featured_media":10096,"comment_status":"open","ping_status":"open","sticky":false,"template":"","format":"standard","meta":{"footnotes":""},"categories":[4],"tags":[],"class_list":{"0":"post-10095","1":"post","2":"type-post","3":"status-publish","4":"format-standard","5":"has-post-thumbnail","7":"category-es"},"amp_enabled":true,"_links":{"self":[{"href":"https:\/\/www.professionearchitetto.it\/news\/es\/wp-json\/wp\/v2\/posts\/10095","targetHints":{"allow":["GET"]}}],"collection":[{"href":"https:\/\/www.professionearchitetto.it\/news\/es\/wp-json\/wp\/v2\/posts"}],"about":[{"href":"https:\/\/www.professionearchitetto.it\/news\/es\/wp-json\/wp\/v2\/types\/post"}],"author":[{"embeddable":true,"href":"https:\/\/www.professionearchitetto.it\/news\/es\/wp-json\/wp\/v2\/users\/1"}],"replies":[{"embeddable":true,"href":"https:\/\/www.professionearchitetto.it\/news\/es\/wp-json\/wp\/v2\/comments?post=10095"}],"version-history":[{"count":0,"href":"https:\/\/www.professionearchitetto.it\/news\/es\/wp-json\/wp\/v2\/posts\/10095\/revisions"}],"wp:featuredmedia":[{"embeddable":true,"href":"https:\/\/www.professionearchitetto.it\/news\/es\/wp-json\/wp\/v2\/media\/10096"}],"wp:attachment":[{"href":"https:\/\/www.professionearchitetto.it\/news\/es\/wp-json\/wp\/v2\/media?parent=10095"}],"wp:term":[{"taxonomy":"category","embeddable":true,"href":"https:\/\/www.professionearchitetto.it\/news\/es\/wp-json\/wp\/v2\/categories?post=10095"},{"taxonomy":"post_tag","embeddable":true,"href":"https:\/\/www.professionearchitetto.it\/news\/es\/wp-json\/wp\/v2\/tags?post=10095"}],"curies":[{"name":"wp","href":"https:\/\/api.w.org\/{rel}","templated":true}]}}