{"id":10213,"date":"2006-06-23T04:45:16","date_gmt":"2006-06-23T03:45:16","guid":{"rendered":"http:\/\/w2.noticiasarquitectura.info\/beatfuse-p-s-1-nueva-york-obra-architects-2\/"},"modified":"2006-06-23T04:45:16","modified_gmt":"2006-06-23T03:45:16","slug":"beatfuse-p-s-1-nueva-york-obra-architects-2","status":"publish","type":"post","link":"https:\/\/www.professionearchitetto.it\/news\/es\/beatfuse-p-s-1-nueva-york-obra-architects-2\/","title":{"rendered":"&#8216;Beatfuse!&#8217;, P.S.1 (Nueva York), Obra Architects"},"content":{"rendered":"<div class=\"testo_es\">Nueva York: La obra &#8216;<A href=\"http:\/\/www.obraarchitects.com\/work\/ps1MoMA\/0510PS1.html\" target=_blank>Beatfuse!<\/A>&#8216;, dise\u00f1ada por <A href=\"http:\/\/www.obraarchitects.com\/index.html\" target=_blank>Obra Architects<\/A> (Pablo Castro + Jennifer Lee) y ganadora de un concurso organizado por el MoMA, se expone en uno de los patios del <A href=\"http:\/\/www.ps1.org\/\" target=_blank>PS1<\/A> en Queens. En ese espacio se celebran todos los veranos una serie de eventos que re\u00fanen a artistas, arquitectos, m\u00fasicos y disc jockeys, adem\u00e1s de turistas, y tradicionalmente el proyecto ganador sirve como puntapi\u00e9 inicial del per\u00edodo conocido como &#8216;<A href=\"http:\/\/www.ps1.org\/ps1_site\/index.php?option=com_content&amp;task=view&amp;id=34&amp;Itemid=74\" target=_blank>Warm Up<\/A>&#8216; o &#8216;entrada en calor&#8217; [<A href=\"http:\/\/www.clarin.com\/diario\/2006\/06\/22\/um\/m-01220450.htm\" target=_blank>Clar\u00edn<\/A>]. Algunas im\u00e1genes de la obra &gt; Flickr: <A href=\"http:\/\/www.flickr.com\/photos\/youngna\/tags\/ps1\/\" target=_blank>1<\/A> \/ <A href=\"http:\/\/www.flickr.com\/photos\/98452518@N00\/172107882\/\" target=_blank>2<\/A> <\/div>\n","protected":false},"excerpt":{"rendered":"<p>Nueva York: La obra &#8216;Beatfuse!&#8216;, dise\u00f1ada por Obra Architects (Pablo Castro + Jennifer Lee) y ganadora de un concurso organizado por el MoMA, se expone en uno de los patios del PS1 en Queens. En ese espacio se celebran todos los veranos una serie de eventos que re\u00fanen a artistas, arquitectos, m\u00fasicos y disc jockeys, [&hellip;]<\/p>\n","protected":false},"author":1,"featured_media":10214,"comment_status":"open","ping_status":"open","sticky":false,"template":"","format":"standard","meta":{"footnotes":""},"categories":[4],"tags":[],"class_list":{"0":"post-10213","1":"post","2":"type-post","3":"status-publish","4":"format-standard","5":"has-post-thumbnail","7":"category-es"},"amp_enabled":true,"_links":{"self":[{"href":"https:\/\/www.professionearchitetto.it\/news\/es\/wp-json\/wp\/v2\/posts\/10213","targetHints":{"allow":["GET"]}}],"collection":[{"href":"https:\/\/www.professionearchitetto.it\/news\/es\/wp-json\/wp\/v2\/posts"}],"about":[{"href":"https:\/\/www.professionearchitetto.it\/news\/es\/wp-json\/wp\/v2\/types\/post"}],"author":[{"embeddable":true,"href":"https:\/\/www.professionearchitetto.it\/news\/es\/wp-json\/wp\/v2\/users\/1"}],"replies":[{"embeddable":true,"href":"https:\/\/www.professionearchitetto.it\/news\/es\/wp-json\/wp\/v2\/comments?post=10213"}],"version-history":[{"count":0,"href":"https:\/\/www.professionearchitetto.it\/news\/es\/wp-json\/wp\/v2\/posts\/10213\/revisions"}],"wp:featuredmedia":[{"embeddable":true,"href":"https:\/\/www.professionearchitetto.it\/news\/es\/wp-json\/wp\/v2\/media\/10214"}],"wp:attachment":[{"href":"https:\/\/www.professionearchitetto.it\/news\/es\/wp-json\/wp\/v2\/media?parent=10213"}],"wp:term":[{"taxonomy":"category","embeddable":true,"href":"https:\/\/www.professionearchitetto.it\/news\/es\/wp-json\/wp\/v2\/categories?post=10213"},{"taxonomy":"post_tag","embeddable":true,"href":"https:\/\/www.professionearchitetto.it\/news\/es\/wp-json\/wp\/v2\/tags?post=10213"}],"curies":[{"name":"wp","href":"https:\/\/api.w.org\/{rel}","templated":true}]}}