{"id":10447,"date":"2006-04-29T06:31:19","date_gmt":"2006-04-29T05:31:19","guid":{"rendered":"http:\/\/w2.noticiasarquitectura.info\/semana-del-diseno-en-milan-2006-2\/"},"modified":"2006-04-29T06:31:19","modified_gmt":"2006-04-29T05:31:19","slug":"semana-del-diseno-en-milan-2006-2","status":"publish","type":"post","link":"https:\/\/www.professionearchitetto.it\/news\/es\/semana-del-diseno-en-milan-2006-2\/","title":{"rendered":"Semana del Dise\u00f1o en Mil\u00e1n 2006"},"content":{"rendered":"<div class=\"testo_es\">Im\u00e1genes (1.575) de la Semana del Dise\u00f1o en Mil\u00e1n 2006 &gt; <A href=\"http:\/\/www.designboom.com\/snapshots\/milan06.html\" target=_blank>designboom<\/A><\/div>\n","protected":false},"excerpt":{"rendered":"<p>Im\u00e1genes (1.575) de la Semana del Dise\u00f1o en Mil\u00e1n 2006 &gt; designboom<\/p>\n","protected":false},"author":1,"featured_media":10448,"comment_status":"open","ping_status":"open","sticky":false,"template":"","format":"standard","meta":{"footnotes":""},"categories":[4],"tags":[],"class_list":{"0":"post-10447","1":"post","2":"type-post","3":"status-publish","4":"format-standard","5":"has-post-thumbnail","7":"category-es"},"amp_enabled":true,"_links":{"self":[{"href":"https:\/\/www.professionearchitetto.it\/news\/es\/wp-json\/wp\/v2\/posts\/10447","targetHints":{"allow":["GET"]}}],"collection":[{"href":"https:\/\/www.professionearchitetto.it\/news\/es\/wp-json\/wp\/v2\/posts"}],"about":[{"href":"https:\/\/www.professionearchitetto.it\/news\/es\/wp-json\/wp\/v2\/types\/post"}],"author":[{"embeddable":true,"href":"https:\/\/www.professionearchitetto.it\/news\/es\/wp-json\/wp\/v2\/users\/1"}],"replies":[{"embeddable":true,"href":"https:\/\/www.professionearchitetto.it\/news\/es\/wp-json\/wp\/v2\/comments?post=10447"}],"version-history":[{"count":0,"href":"https:\/\/www.professionearchitetto.it\/news\/es\/wp-json\/wp\/v2\/posts\/10447\/revisions"}],"wp:featuredmedia":[{"embeddable":true,"href":"https:\/\/www.professionearchitetto.it\/news\/es\/wp-json\/wp\/v2\/media\/10448"}],"wp:attachment":[{"href":"https:\/\/www.professionearchitetto.it\/news\/es\/wp-json\/wp\/v2\/media?parent=10447"}],"wp:term":[{"taxonomy":"category","embeddable":true,"href":"https:\/\/www.professionearchitetto.it\/news\/es\/wp-json\/wp\/v2\/categories?post=10447"},{"taxonomy":"post_tag","embeddable":true,"href":"https:\/\/www.professionearchitetto.it\/news\/es\/wp-json\/wp\/v2\/tags?post=10447"}],"curies":[{"name":"wp","href":"https:\/\/api.w.org\/{rel}","templated":true}]}}