{"id":10565,"date":"2006-03-23T05:35:24","date_gmt":"2006-03-23T04:35:24","guid":{"rendered":"http:\/\/w2.noticiasarquitectura.info\/buenos-aires-concurso-internacional-ccb-centro-cultural-bicentenario\/"},"modified":"2006-03-23T05:35:24","modified_gmt":"2006-03-23T04:35:24","slug":"buenos-aires-concurso-internacional-ccb-centro-cultural-bicentenario","status":"publish","type":"post","link":"https:\/\/www.professionearchitetto.it\/news\/es\/buenos-aires-concurso-internacional-ccb-centro-cultural-bicentenario\/","title":{"rendered":"Buenos Aires > Concurso Internacional CCB (Centro Cultural Bicentenario)"},"content":{"rendered":"<div class=\"testo_es\">La Sociedad Central de Arquitectos invita a los arquitectos del pa\u00eds y del extranjero miembros y matriculados de Colegios y Asociaciones profesionales de la arquitectura y el urbanismo de todo el mundo a participar del Concurso Internacional de Anteproyecto y de Adecuaci\u00f3n Urbana para la futura sede del Centro Cultural Bicentenario de la Republica Argentina (CCB) a realizarse en el Antiguo Palacio del Correo y espacio p\u00fablico aleda\u00f1o en la Ciudad Aut\u00f3noma de Buenos Aires, Rep\u00fablica Argentina [<A href=\"http:\/\/www.socearq.org\/nota.cfm\/n.712.htm\" target=_blank>SCA<\/A>]<\/div>\n","protected":false},"excerpt":{"rendered":"<p>La Sociedad Central de Arquitectos invita a los arquitectos del pa\u00eds y del extranjero miembros y matriculados de Colegios y Asociaciones profesionales de la arquitectura y el urbanismo de todo el mundo a participar del Concurso Internacional de Anteproyecto y de Adecuaci\u00f3n Urbana para la futura sede del Centro Cultural Bicentenario de la Republica Argentina [&hellip;]<\/p>\n","protected":false},"author":1,"featured_media":10566,"comment_status":"open","ping_status":"open","sticky":false,"template":"","format":"standard","meta":{"footnotes":""},"categories":[4],"tags":[],"class_list":{"0":"post-10565","1":"post","2":"type-post","3":"status-publish","4":"format-standard","5":"has-post-thumbnail","7":"category-es"},"amp_enabled":true,"_links":{"self":[{"href":"https:\/\/www.professionearchitetto.it\/news\/es\/wp-json\/wp\/v2\/posts\/10565","targetHints":{"allow":["GET"]}}],"collection":[{"href":"https:\/\/www.professionearchitetto.it\/news\/es\/wp-json\/wp\/v2\/posts"}],"about":[{"href":"https:\/\/www.professionearchitetto.it\/news\/es\/wp-json\/wp\/v2\/types\/post"}],"author":[{"embeddable":true,"href":"https:\/\/www.professionearchitetto.it\/news\/es\/wp-json\/wp\/v2\/users\/1"}],"replies":[{"embeddable":true,"href":"https:\/\/www.professionearchitetto.it\/news\/es\/wp-json\/wp\/v2\/comments?post=10565"}],"version-history":[{"count":0,"href":"https:\/\/www.professionearchitetto.it\/news\/es\/wp-json\/wp\/v2\/posts\/10565\/revisions"}],"wp:featuredmedia":[{"embeddable":true,"href":"https:\/\/www.professionearchitetto.it\/news\/es\/wp-json\/wp\/v2\/media\/10566"}],"wp:attachment":[{"href":"https:\/\/www.professionearchitetto.it\/news\/es\/wp-json\/wp\/v2\/media?parent=10565"}],"wp:term":[{"taxonomy":"category","embeddable":true,"href":"https:\/\/www.professionearchitetto.it\/news\/es\/wp-json\/wp\/v2\/categories?post=10565"},{"taxonomy":"post_tag","embeddable":true,"href":"https:\/\/www.professionearchitetto.it\/news\/es\/wp-json\/wp\/v2\/tags?post=10565"}],"curies":[{"name":"wp","href":"https:\/\/api.w.org\/{rel}","templated":true}]}}