{"id":10567,"date":"2006-03-23T05:34:38","date_gmt":"2006-03-23T04:34:38","guid":{"rendered":"http:\/\/w2.noticiasarquitectura.info\/buenos-aires-programa-de-actualizacion-proyectual-fadu-uba\/"},"modified":"2006-03-23T05:34:38","modified_gmt":"2006-03-23T04:34:38","slug":"buenos-aires-programa-de-actualizacion-proyectual-fadu-uba","status":"publish","type":"post","link":"https:\/\/www.professionearchitetto.it\/news\/es\/buenos-aires-programa-de-actualizacion-proyectual-fadu-uba\/","title":{"rendered":"Buenos Aires > Programa de Actualizaci\u00f3n Proyectual, FADU \/ UBA"},"content":{"rendered":"<div class=\"testo_es\"><P>Esta abierta la inscripci\u00f3n al curso de posgrado Programa de Actualizaci\u00f3n Proyectual, dirigido por el Dr. Arq. Jorge Sarquis que se dicta en la FADU \u2013 UBA. Se analizar\u00e1n los par\u00e1metros del pensamiento arquitect\u00f3nico contempor\u00e1neo ofreciendo un campo de discusi\u00f3n y crecimiento actualizado.<BR>Informaci\u00f3n general: <A href=\"http:\/\/www.centropoiesis.org\/\" target=_blank>www.centropoiesis.org<\/A> ; <A href=\"http:\/\/www.fadu.uba.ar\/\" target=_blank>www.fadu.uba.ar<\/A> \/ posgrados;<BR>Contactos: <A href=\"mailto:jsarquis@fadu.uba.ar\">jsarquis@fadu.uba.ar<\/A>; <A href=\"mailto:valvarez@fadu.uba.ar\">valvarez@fadu.uba.ar<\/A> <\/P><\/div>\n","protected":false},"excerpt":{"rendered":"<p>Esta abierta la inscripci\u00f3n al curso de posgrado Programa de Actualizaci\u00f3n Proyectual, dirigido por el Dr. Arq. Jorge Sarquis que se dicta en la FADU \u2013 UBA. Se analizar\u00e1n los par\u00e1metros del pensamiento arquitect\u00f3nico contempor\u00e1neo ofreciendo un campo de discusi\u00f3n y crecimiento actualizado.Informaci\u00f3n general: www.centropoiesis.org ; www.fadu.uba.ar \/ posgrados;Contactos: jsarquis@fadu.uba.ar; valvarez@fadu.uba.ar<\/p>\n","protected":false},"author":1,"featured_media":10568,"comment_status":"open","ping_status":"open","sticky":false,"template":"","format":"standard","meta":{"footnotes":""},"categories":[4],"tags":[],"class_list":{"0":"post-10567","1":"post","2":"type-post","3":"status-publish","4":"format-standard","5":"has-post-thumbnail","7":"category-es"},"amp_enabled":true,"_links":{"self":[{"href":"https:\/\/www.professionearchitetto.it\/news\/es\/wp-json\/wp\/v2\/posts\/10567","targetHints":{"allow":["GET"]}}],"collection":[{"href":"https:\/\/www.professionearchitetto.it\/news\/es\/wp-json\/wp\/v2\/posts"}],"about":[{"href":"https:\/\/www.professionearchitetto.it\/news\/es\/wp-json\/wp\/v2\/types\/post"}],"author":[{"embeddable":true,"href":"https:\/\/www.professionearchitetto.it\/news\/es\/wp-json\/wp\/v2\/users\/1"}],"replies":[{"embeddable":true,"href":"https:\/\/www.professionearchitetto.it\/news\/es\/wp-json\/wp\/v2\/comments?post=10567"}],"version-history":[{"count":0,"href":"https:\/\/www.professionearchitetto.it\/news\/es\/wp-json\/wp\/v2\/posts\/10567\/revisions"}],"wp:featuredmedia":[{"embeddable":true,"href":"https:\/\/www.professionearchitetto.it\/news\/es\/wp-json\/wp\/v2\/media\/10568"}],"wp:attachment":[{"href":"https:\/\/www.professionearchitetto.it\/news\/es\/wp-json\/wp\/v2\/media?parent=10567"}],"wp:term":[{"taxonomy":"category","embeddable":true,"href":"https:\/\/www.professionearchitetto.it\/news\/es\/wp-json\/wp\/v2\/categories?post=10567"},{"taxonomy":"post_tag","embeddable":true,"href":"https:\/\/www.professionearchitetto.it\/news\/es\/wp-json\/wp\/v2\/tags?post=10567"}],"curies":[{"name":"wp","href":"https:\/\/api.w.org\/{rel}","templated":true}]}}