{"id":10573,"date":"2006-03-20T06:17:15","date_gmt":"2006-03-20T05:17:15","guid":{"rendered":"http:\/\/w2.noticiasarquitectura.info\/block-16-almere-holanda-rene-van-zuuk-architekten\/"},"modified":"2006-03-20T06:17:15","modified_gmt":"2006-03-20T05:17:15","slug":"block-16-almere-holanda-rene-van-zuuk-architekten","status":"publish","type":"post","link":"https:\/\/www.professionearchitetto.it\/news\/es\/block-16-almere-holanda-rene-van-zuuk-architekten\/","title":{"rendered":"Block 16, Almere, Holanda, Ren\u00e9 van Zuuk Architekten"},"content":{"rendered":"<div class=\"testo_es\">Block 16 es un bloque de departamentos dise\u00f1ado por el estudio holand\u00e9s <A href=\"http:\/\/www.renevanzuuk.nl\/\" target=_blank>Ren\u00e9 van Zuuk Architekten<\/A>. Este edificio forma parte del master plan dise\u00f1ado por <A href=\"http:\/\/www.oma.nl\/\" target=_blank>OMA<\/A> para el nuevo centro de Almere (Holanda) [<A href=\"http:\/\/www.arcspace.com\/architects\/van_zuuk\/block\/block.html\" target=_blank>arspace<\/A>] <\/div>\n","protected":false},"excerpt":{"rendered":"<p>Block 16 es un bloque de departamentos dise\u00f1ado por el estudio holand\u00e9s Ren\u00e9 van Zuuk Architekten. Este edificio forma parte del master plan dise\u00f1ado por OMA para el nuevo centro de Almere (Holanda) [arspace]<\/p>\n","protected":false},"author":1,"featured_media":10574,"comment_status":"open","ping_status":"open","sticky":false,"template":"","format":"standard","meta":{"footnotes":""},"categories":[4],"tags":[],"class_list":{"0":"post-10573","1":"post","2":"type-post","3":"status-publish","4":"format-standard","5":"has-post-thumbnail","7":"category-es"},"amp_enabled":true,"_links":{"self":[{"href":"https:\/\/www.professionearchitetto.it\/news\/es\/wp-json\/wp\/v2\/posts\/10573","targetHints":{"allow":["GET"]}}],"collection":[{"href":"https:\/\/www.professionearchitetto.it\/news\/es\/wp-json\/wp\/v2\/posts"}],"about":[{"href":"https:\/\/www.professionearchitetto.it\/news\/es\/wp-json\/wp\/v2\/types\/post"}],"author":[{"embeddable":true,"href":"https:\/\/www.professionearchitetto.it\/news\/es\/wp-json\/wp\/v2\/users\/1"}],"replies":[{"embeddable":true,"href":"https:\/\/www.professionearchitetto.it\/news\/es\/wp-json\/wp\/v2\/comments?post=10573"}],"version-history":[{"count":0,"href":"https:\/\/www.professionearchitetto.it\/news\/es\/wp-json\/wp\/v2\/posts\/10573\/revisions"}],"wp:featuredmedia":[{"embeddable":true,"href":"https:\/\/www.professionearchitetto.it\/news\/es\/wp-json\/wp\/v2\/media\/10574"}],"wp:attachment":[{"href":"https:\/\/www.professionearchitetto.it\/news\/es\/wp-json\/wp\/v2\/media?parent=10573"}],"wp:term":[{"taxonomy":"category","embeddable":true,"href":"https:\/\/www.professionearchitetto.it\/news\/es\/wp-json\/wp\/v2\/categories?post=10573"},{"taxonomy":"post_tag","embeddable":true,"href":"https:\/\/www.professionearchitetto.it\/news\/es\/wp-json\/wp\/v2\/tags?post=10573"}],"curies":[{"name":"wp","href":"https:\/\/api.w.org\/{rel}","templated":true}]}}