{"id":10835,"date":"2006-01-21T14:50:34","date_gmt":"2006-01-21T13:50:34","guid":{"rendered":"http:\/\/w2.noticiasarquitectura.info\/santiago-de-chile-centro-cultural-palacio-de-la-moneda\/"},"modified":"2006-01-21T14:50:34","modified_gmt":"2006-01-21T13:50:34","slug":"santiago-de-chile-centro-cultural-palacio-de-la-moneda","status":"publish","type":"post","link":"https:\/\/www.professionearchitetto.it\/news\/es\/santiago-de-chile-centro-cultural-palacio-de-la-moneda\/","title":{"rendered":"Santiago de Chile > Centro Cultural Palacio de La Moneda"},"content":{"rendered":"<div class=\"testo_es\">Santiago de Chile: En un espacio de 7.200 m2 ubicado en el subsuelo del Palacio de Gobierno, inmediatamente debajo de la nueva terraza de la Plaza de la Ciudadan\u00eda, se extiende el Centro Cultural Palacio de La Moneda, que a partir del 26 de enero acoger\u00e1 todo tipo de expresiones art\u00edsticas, <A href=\"http:\/\/www.emol.com\/noticias\/cultura_espectaculos\/detalle\/detallenoticias.asp?idnoticia=208509\" target=_blank>incluyendo la <\/A><A href=\"http:\/\/www.emol.com\/noticias\/cultura_espectaculos\/detalle\/detallenoticias.asp?idnoticia=208509\" target=_blank>XV Bienal de Arquitectura 2006<\/A>. Su esp\u00edritu es el de un espacio abierto, de dise\u00f1o neutro, que arquitect\u00f3nicamente rescata un objetivo social: el encuentro ciudadano con la cultura [<A href=\"http:\/\/diario.elmercurio.com\/2006\/01\/21\/vivienda_y_decoracion\/arquitectura\/noticias\/8993C0C8-BBA9-4E6C-9528-9E92864BCFDE.htm?id={8993C0C8-BBA9-4E6C-9528-9E92864BCFDE}\" target=_blank>el mercurio<\/A>] <\/div>\n","protected":false},"excerpt":{"rendered":"<p>Santiago de Chile: En un espacio de 7.200 m2 ubicado en el subsuelo del Palacio de Gobierno, inmediatamente debajo de la nueva terraza de la Plaza de la Ciudadan\u00eda, se extiende el Centro Cultural Palacio de La Moneda, que a partir del 26 de enero acoger\u00e1 todo tipo de expresiones art\u00edsticas, incluyendo la XV Bienal [&hellip;]<\/p>\n","protected":false},"author":1,"featured_media":10836,"comment_status":"open","ping_status":"open","sticky":false,"template":"","format":"standard","meta":{"footnotes":""},"categories":[4],"tags":[],"class_list":{"0":"post-10835","1":"post","2":"type-post","3":"status-publish","4":"format-standard","5":"has-post-thumbnail","7":"category-es"},"amp_enabled":true,"_links":{"self":[{"href":"https:\/\/www.professionearchitetto.it\/news\/es\/wp-json\/wp\/v2\/posts\/10835","targetHints":{"allow":["GET"]}}],"collection":[{"href":"https:\/\/www.professionearchitetto.it\/news\/es\/wp-json\/wp\/v2\/posts"}],"about":[{"href":"https:\/\/www.professionearchitetto.it\/news\/es\/wp-json\/wp\/v2\/types\/post"}],"author":[{"embeddable":true,"href":"https:\/\/www.professionearchitetto.it\/news\/es\/wp-json\/wp\/v2\/users\/1"}],"replies":[{"embeddable":true,"href":"https:\/\/www.professionearchitetto.it\/news\/es\/wp-json\/wp\/v2\/comments?post=10835"}],"version-history":[{"count":0,"href":"https:\/\/www.professionearchitetto.it\/news\/es\/wp-json\/wp\/v2\/posts\/10835\/revisions"}],"wp:featuredmedia":[{"embeddable":true,"href":"https:\/\/www.professionearchitetto.it\/news\/es\/wp-json\/wp\/v2\/media\/10836"}],"wp:attachment":[{"href":"https:\/\/www.professionearchitetto.it\/news\/es\/wp-json\/wp\/v2\/media?parent=10835"}],"wp:term":[{"taxonomy":"category","embeddable":true,"href":"https:\/\/www.professionearchitetto.it\/news\/es\/wp-json\/wp\/v2\/categories?post=10835"},{"taxonomy":"post_tag","embeddable":true,"href":"https:\/\/www.professionearchitetto.it\/news\/es\/wp-json\/wp\/v2\/tags?post=10835"}],"curies":[{"name":"wp","href":"https:\/\/api.w.org\/{rel}","templated":true}]}}