{"id":10959,"date":"2005-12-19T05:43:05","date_gmt":"2005-12-19T04:43:05","guid":{"rendered":"http:\/\/w2.noticiasarquitectura.info\/whispering-garden-rotterdam-noxlars-spuybroek\/"},"modified":"2005-12-19T05:43:05","modified_gmt":"2005-12-19T04:43:05","slug":"whispering-garden-rotterdam-noxlars-spuybroek","status":"publish","type":"post","link":"https:\/\/www.professionearchitetto.it\/news\/es\/whispering-garden-rotterdam-noxlars-spuybroek\/","title":{"rendered":"Whispering Garden, Rotterdam, NOX\/Lars Spuybroek"},"content":{"rendered":"<div class=\"testo_es\">Informaci\u00f3n e im\u00e1genes del &#8216;Whispering Garden&#8217;, en Rotterdam, dise\u00f1ado por <A href=\"http:\/\/www.noxarch.com\/\" target=_blank>NOX\/Lars Spuybroek<\/A>, se prev\u00e9 su inauguraci\u00f3n para fines de 2006 [<A href=\"http:\/\/www.designws.com\/pagina\/1spuybroekrdamENG.htm\" target=_blank>designws.com<\/A>] <\/div>\n","protected":false},"excerpt":{"rendered":"<p>Informaci\u00f3n e im\u00e1genes del &#8216;Whispering Garden&#8217;, en Rotterdam, dise\u00f1ado por NOX\/Lars Spuybroek, se prev\u00e9 su inauguraci\u00f3n para fines de 2006 [designws.com]<\/p>\n","protected":false},"author":1,"featured_media":10960,"comment_status":"open","ping_status":"open","sticky":false,"template":"","format":"standard","meta":{"footnotes":""},"categories":[4],"tags":[],"class_list":{"0":"post-10959","1":"post","2":"type-post","3":"status-publish","4":"format-standard","5":"has-post-thumbnail","7":"category-es"},"amp_enabled":true,"_links":{"self":[{"href":"https:\/\/www.professionearchitetto.it\/news\/es\/wp-json\/wp\/v2\/posts\/10959","targetHints":{"allow":["GET"]}}],"collection":[{"href":"https:\/\/www.professionearchitetto.it\/news\/es\/wp-json\/wp\/v2\/posts"}],"about":[{"href":"https:\/\/www.professionearchitetto.it\/news\/es\/wp-json\/wp\/v2\/types\/post"}],"author":[{"embeddable":true,"href":"https:\/\/www.professionearchitetto.it\/news\/es\/wp-json\/wp\/v2\/users\/1"}],"replies":[{"embeddable":true,"href":"https:\/\/www.professionearchitetto.it\/news\/es\/wp-json\/wp\/v2\/comments?post=10959"}],"version-history":[{"count":0,"href":"https:\/\/www.professionearchitetto.it\/news\/es\/wp-json\/wp\/v2\/posts\/10959\/revisions"}],"wp:featuredmedia":[{"embeddable":true,"href":"https:\/\/www.professionearchitetto.it\/news\/es\/wp-json\/wp\/v2\/media\/10960"}],"wp:attachment":[{"href":"https:\/\/www.professionearchitetto.it\/news\/es\/wp-json\/wp\/v2\/media?parent=10959"}],"wp:term":[{"taxonomy":"category","embeddable":true,"href":"https:\/\/www.professionearchitetto.it\/news\/es\/wp-json\/wp\/v2\/categories?post=10959"},{"taxonomy":"post_tag","embeddable":true,"href":"https:\/\/www.professionearchitetto.it\/news\/es\/wp-json\/wp\/v2\/tags?post=10959"}],"curies":[{"name":"wp","href":"https:\/\/api.w.org\/{rel}","templated":true}]}}