{"id":11039,"date":"2005-11-27T18:27:11","date_gmt":"2005-11-27T17:27:11","guid":{"rendered":"http:\/\/w2.noticiasarquitectura.info\/madrid-las-rarezas-del-mirador\/"},"modified":"2005-11-27T18:27:11","modified_gmt":"2005-11-27T17:27:11","slug":"madrid-las-rarezas-del-mirador","status":"publish","type":"post","link":"https:\/\/www.professionearchitetto.it\/news\/es\/madrid-las-rarezas-del-mirador\/","title":{"rendered":"Madrid: Las rarezas del &#8216;Mirador&#8217;"},"content":{"rendered":"<div class=\"testo_es\">Madrid &gt; El <A href=\"http:\/\/www.mvrdv.nl\/178_mirador\/index.php\" target=_blank>Edificio Mirador<\/A> de <A href=\"http:\/\/www.mvrdv.nl\/\" target=_blank>MVRDV<\/A> concentra odios y pasiones a partes iguales. Para empezar, no es f\u00e1cil orientarse dentro de \u00e9l. Sus pasillos aparecen y desaparecen con una facilidad pasmosa. Cuando parece que detr\u00e1s de una puerta va a continuar el distribuidor con acceso a las dem\u00e1s viviendas, surge un cuarto con un extintor&#8230;.[<A href=\"http:\/\/actualidad.terra.es\/provincias\/madrid\/articulo\/mirador_rarezas_615396.htm\" target=_blank>terra.es<\/A>]<\/div>\n","protected":false},"excerpt":{"rendered":"<p>Madrid &gt; El Edificio Mirador de MVRDV concentra odios y pasiones a partes iguales. Para empezar, no es f\u00e1cil orientarse dentro de \u00e9l. Sus pasillos aparecen y desaparecen con una facilidad pasmosa. Cuando parece que detr\u00e1s de una puerta va a continuar el distribuidor con acceso a las dem\u00e1s viviendas, surge un cuarto con un [&hellip;]<\/p>\n","protected":false},"author":1,"featured_media":11040,"comment_status":"open","ping_status":"open","sticky":false,"template":"","format":"standard","meta":{"footnotes":""},"categories":[4],"tags":[],"class_list":{"0":"post-11039","1":"post","2":"type-post","3":"status-publish","4":"format-standard","5":"has-post-thumbnail","7":"category-es"},"amp_enabled":true,"_links":{"self":[{"href":"https:\/\/www.professionearchitetto.it\/news\/es\/wp-json\/wp\/v2\/posts\/11039","targetHints":{"allow":["GET"]}}],"collection":[{"href":"https:\/\/www.professionearchitetto.it\/news\/es\/wp-json\/wp\/v2\/posts"}],"about":[{"href":"https:\/\/www.professionearchitetto.it\/news\/es\/wp-json\/wp\/v2\/types\/post"}],"author":[{"embeddable":true,"href":"https:\/\/www.professionearchitetto.it\/news\/es\/wp-json\/wp\/v2\/users\/1"}],"replies":[{"embeddable":true,"href":"https:\/\/www.professionearchitetto.it\/news\/es\/wp-json\/wp\/v2\/comments?post=11039"}],"version-history":[{"count":0,"href":"https:\/\/www.professionearchitetto.it\/news\/es\/wp-json\/wp\/v2\/posts\/11039\/revisions"}],"wp:featuredmedia":[{"embeddable":true,"href":"https:\/\/www.professionearchitetto.it\/news\/es\/wp-json\/wp\/v2\/media\/11040"}],"wp:attachment":[{"href":"https:\/\/www.professionearchitetto.it\/news\/es\/wp-json\/wp\/v2\/media?parent=11039"}],"wp:term":[{"taxonomy":"category","embeddable":true,"href":"https:\/\/www.professionearchitetto.it\/news\/es\/wp-json\/wp\/v2\/categories?post=11039"},{"taxonomy":"post_tag","embeddable":true,"href":"https:\/\/www.professionearchitetto.it\/news\/es\/wp-json\/wp\/v2\/tags?post=11039"}],"curies":[{"name":"wp","href":"https:\/\/api.w.org\/{rel}","templated":true}]}}