{"id":11079,"date":"2005-11-16T04:48:37","date_gmt":"2005-11-16T03:48:37","guid":{"rendered":"http:\/\/w2.noticiasarquitectura.info\/buenos-aires-2050-postal-del-futuro\/"},"modified":"2005-11-16T04:48:37","modified_gmt":"2005-11-16T03:48:37","slug":"buenos-aires-2050-postal-del-futuro","status":"publish","type":"post","link":"https:\/\/www.professionearchitetto.it\/news\/es\/buenos-aires-2050-postal-del-futuro\/","title":{"rendered":"Buenos Aires 2050: postal del futuro"},"content":{"rendered":"<div class=\"testo_es\">Buenos Aires: Los problemas urbanos detectados ya tienen su plan de acci\u00f3n para ser resueltos en los pr\u00f3ximos 50 a\u00f1os. Los desaf\u00edos: la finitud de los recursos energ\u00e9ticos, la escasez de espacio y el calentamiento. <A href=\"http:\/\/www.buenosaires2050.org\/\" target=_blank>Buenos Aires 2050<\/A> es un programa organizado por la <A href=\"http:\/\/www.fadu.uba.ar\/\" target=_blank>Facultad de Arquitectura, Dise\u00f1o y Urbanismo de la UBA<\/A> y el <A href=\"http:\/\/www.iied-al.org.ar\/\" target=_blank>Instituto Internacional de Medioambiente y Desarrollo para Am\u00e9rica Latina<\/A> que apunta a resolver en el futuro los problemas que empiezan a vislumbrarse en el presente [<A href=\"http:\/\/www.clarin.com\/diario\/2005\/11\/15\/conexiones\/t-01090283.htm\" target=_blank>Clar\u00edn<\/A>]<\/div>\n","protected":false},"excerpt":{"rendered":"<p>Buenos Aires: Los problemas urbanos detectados ya tienen su plan de acci\u00f3n para ser resueltos en los pr\u00f3ximos 50 a\u00f1os. Los desaf\u00edos: la finitud de los recursos energ\u00e9ticos, la escasez de espacio y el calentamiento. Buenos Aires 2050 es un programa organizado por la Facultad de Arquitectura, Dise\u00f1o y Urbanismo de la UBA y el [&hellip;]<\/p>\n","protected":false},"author":1,"featured_media":11080,"comment_status":"open","ping_status":"open","sticky":false,"template":"","format":"standard","meta":{"footnotes":""},"categories":[4],"tags":[],"class_list":{"0":"post-11079","1":"post","2":"type-post","3":"status-publish","4":"format-standard","5":"has-post-thumbnail","7":"category-es"},"amp_enabled":true,"_links":{"self":[{"href":"https:\/\/www.professionearchitetto.it\/news\/es\/wp-json\/wp\/v2\/posts\/11079","targetHints":{"allow":["GET"]}}],"collection":[{"href":"https:\/\/www.professionearchitetto.it\/news\/es\/wp-json\/wp\/v2\/posts"}],"about":[{"href":"https:\/\/www.professionearchitetto.it\/news\/es\/wp-json\/wp\/v2\/types\/post"}],"author":[{"embeddable":true,"href":"https:\/\/www.professionearchitetto.it\/news\/es\/wp-json\/wp\/v2\/users\/1"}],"replies":[{"embeddable":true,"href":"https:\/\/www.professionearchitetto.it\/news\/es\/wp-json\/wp\/v2\/comments?post=11079"}],"version-history":[{"count":0,"href":"https:\/\/www.professionearchitetto.it\/news\/es\/wp-json\/wp\/v2\/posts\/11079\/revisions"}],"wp:featuredmedia":[{"embeddable":true,"href":"https:\/\/www.professionearchitetto.it\/news\/es\/wp-json\/wp\/v2\/media\/11080"}],"wp:attachment":[{"href":"https:\/\/www.professionearchitetto.it\/news\/es\/wp-json\/wp\/v2\/media?parent=11079"}],"wp:term":[{"taxonomy":"category","embeddable":true,"href":"https:\/\/www.professionearchitetto.it\/news\/es\/wp-json\/wp\/v2\/categories?post=11079"},{"taxonomy":"post_tag","embeddable":true,"href":"https:\/\/www.professionearchitetto.it\/news\/es\/wp-json\/wp\/v2\/tags?post=11079"}],"curies":[{"name":"wp","href":"https:\/\/api.w.org\/{rel}","templated":true}]}}