{"id":11159,"date":"2005-10-29T06:17:33","date_gmt":"2005-10-29T05:17:33","guid":{"rendered":"http:\/\/w2.noticiasarquitectura.info\/francia-centro-pompidou-en-metz-shigeru-ban\/"},"modified":"2005-10-29T06:17:33","modified_gmt":"2005-10-29T05:17:33","slug":"francia-centro-pompidou-en-metz-shigeru-ban","status":"publish","type":"post","link":"https:\/\/www.professionearchitetto.it\/news\/es\/francia-centro-pompidou-en-metz-shigeru-ban\/","title":{"rendered":"Francia: Centro Pompidou en Metz, Shigeru Ban"},"content":{"rendered":"<div class=\"testo_es\">Informaci\u00f3n sobre el nuevo <A href=\"http:\/\/www.cnac-gp.fr\/pompidou\/Communication.nsf\/0\/53D301C4922CF6A0C1256D970053FA70?OpenDocument&amp;sessionM=9.2&amp;L=2\" target=_blank>Centro Pompidou en Metz<\/A> (Francia), dise\u00f1ado por el arquitecto japon\u00e9s <A href=\"http:\/\/www.shigerubanarchitects.com\/\" target=_blank>Shigeru Ban<\/A>, Jean de Gastines (Paris) y Philip Gumuchdjian (Londres), en el sitio oficial (por ahora s\u00f3lo en franc\u00e9s) &gt; <A href=\"http:\/\/www.centrepompidou-metz.com\/\" target=_blank>www.centrepompidou-metz.com<\/A><BR>fuente &gt; <A href=\"http:\/\/www.we-make-money-not-art.com\/archives\/007329.php\" target=_blank>we make money not art<\/A> <\/div>\n","protected":false},"excerpt":{"rendered":"<p>Informaci\u00f3n sobre el nuevo Centro Pompidou en Metz (Francia), dise\u00f1ado por el arquitecto japon\u00e9s Shigeru Ban, Jean de Gastines (Paris) y Philip Gumuchdjian (Londres), en el sitio oficial (por ahora s\u00f3lo en franc\u00e9s) &gt; www.centrepompidou-metz.comfuente &gt; we make money not art<\/p>\n","protected":false},"author":1,"featured_media":11160,"comment_status":"open","ping_status":"open","sticky":false,"template":"","format":"standard","meta":{"footnotes":""},"categories":[4],"tags":[],"class_list":{"0":"post-11159","1":"post","2":"type-post","3":"status-publish","4":"format-standard","5":"has-post-thumbnail","7":"category-es"},"amp_enabled":true,"_links":{"self":[{"href":"https:\/\/www.professionearchitetto.it\/news\/es\/wp-json\/wp\/v2\/posts\/11159","targetHints":{"allow":["GET"]}}],"collection":[{"href":"https:\/\/www.professionearchitetto.it\/news\/es\/wp-json\/wp\/v2\/posts"}],"about":[{"href":"https:\/\/www.professionearchitetto.it\/news\/es\/wp-json\/wp\/v2\/types\/post"}],"author":[{"embeddable":true,"href":"https:\/\/www.professionearchitetto.it\/news\/es\/wp-json\/wp\/v2\/users\/1"}],"replies":[{"embeddable":true,"href":"https:\/\/www.professionearchitetto.it\/news\/es\/wp-json\/wp\/v2\/comments?post=11159"}],"version-history":[{"count":0,"href":"https:\/\/www.professionearchitetto.it\/news\/es\/wp-json\/wp\/v2\/posts\/11159\/revisions"}],"wp:featuredmedia":[{"embeddable":true,"href":"https:\/\/www.professionearchitetto.it\/news\/es\/wp-json\/wp\/v2\/media\/11160"}],"wp:attachment":[{"href":"https:\/\/www.professionearchitetto.it\/news\/es\/wp-json\/wp\/v2\/media?parent=11159"}],"wp:term":[{"taxonomy":"category","embeddable":true,"href":"https:\/\/www.professionearchitetto.it\/news\/es\/wp-json\/wp\/v2\/categories?post=11159"},{"taxonomy":"post_tag","embeddable":true,"href":"https:\/\/www.professionearchitetto.it\/news\/es\/wp-json\/wp\/v2\/tags?post=11159"}],"curies":[{"name":"wp","href":"https:\/\/api.w.org\/{rel}","templated":true}]}}