{"id":11359,"date":"2005-09-17T21:01:30","date_gmt":"2005-09-17T20:01:30","guid":{"rendered":"http:\/\/w2.noticiasarquitectura.info\/barcelona-torre-agbar-de-jean-nouvel\/"},"modified":"2005-09-17T21:01:30","modified_gmt":"2005-09-17T20:01:30","slug":"barcelona-torre-agbar-de-jean-nouvel","status":"publish","type":"post","link":"https:\/\/www.professionearchitetto.it\/news\/es\/barcelona-torre-agbar-de-jean-nouvel\/","title":{"rendered":"Barcelona: Torre Agbar de Jean Nouvel"},"content":{"rendered":"<div class=\"testo_es\">M\u00e1s informaci\u00f3n sobre la inauguraci\u00f3n de la <A href=\"http:\/\/www.torreagbar.com\/home.asp\" target=_blank>Torre Agbar<\/A>, en Barcelona, dise\u00f1ada por <A href=\"http:\/\/www.jeannouvel.com\/\" target=_blank>Jean Nouvel<\/A> &gt; <A href=\"http:\/\/www.elmundo.es\/elmundo\/2005\/09\/16\/cultura\/1126858017.html\" target=_blank>el mundo<\/A><BR>La torre de Nouvel, nuevo t\u00f3tem del cielo barcelon\u00e9s &gt; <A href=\"http:\/\/www.elpais.es\/articulo\/elpporcul\/20050917elpepicul_2\/Tes\" target=_blank>ElPa\u00eds.es<\/A><BR>Im\u00e1genes &gt; skyscrapercity.com: <A href=\"http:\/\/www.skyscrapercity.com\/showpost.php?p=5387735&amp;postcount=382\" target=_blank>1<\/A> \/ <A href=\"http:\/\/www.skyscrapercity.com\/showpost.php?p=5396983&amp;postcount=391\" target=_blank>2<\/A> \/ <A href=\"http:\/\/www.skyscrapercity.com\/showpost.php?p=5418395&amp;postcount=445\" target=_blank>3<\/A> &#8211; <A href=\"http:\/\/www.elpais.es\/fotogalerias\/fotogaleria.html?id_galeria=1486&amp;foto=0&amp;est_diapositiva=1\" target=_blank>ElPa\u00eds.es<\/A> &#8211; <A href=\"http:\/\/www.elmundo.es\/elmundo\/2005\/graficos\/sep\/s1\/agbar.html\" target=_blank>el mundo<\/A><BR>Video &gt; <A href=\"http:\/\/www.antena3.com\/a3n2004\/servlet\/Noticias?destino=..\/a3n\/noticia\/noticia.jsp&amp;sidicom=si&amp;id=9985129\" target=_blank>Antena3<\/A> <\/div>\n","protected":false},"excerpt":{"rendered":"<p>M\u00e1s informaci\u00f3n sobre la inauguraci\u00f3n de la Torre Agbar, en Barcelona, dise\u00f1ada por Jean Nouvel &gt; el mundoLa torre de Nouvel, nuevo t\u00f3tem del cielo barcelon\u00e9s &gt; ElPa\u00eds.esIm\u00e1genes &gt; skyscrapercity.com: 1 \/ 2 \/ 3 &#8211; ElPa\u00eds.es &#8211; el mundoVideo &gt; Antena3<\/p>\n","protected":false},"author":1,"featured_media":11360,"comment_status":"open","ping_status":"open","sticky":false,"template":"","format":"standard","meta":{"footnotes":""},"categories":[4],"tags":[],"class_list":{"0":"post-11359","1":"post","2":"type-post","3":"status-publish","4":"format-standard","5":"has-post-thumbnail","7":"category-es"},"amp_enabled":true,"_links":{"self":[{"href":"https:\/\/www.professionearchitetto.it\/news\/es\/wp-json\/wp\/v2\/posts\/11359","targetHints":{"allow":["GET"]}}],"collection":[{"href":"https:\/\/www.professionearchitetto.it\/news\/es\/wp-json\/wp\/v2\/posts"}],"about":[{"href":"https:\/\/www.professionearchitetto.it\/news\/es\/wp-json\/wp\/v2\/types\/post"}],"author":[{"embeddable":true,"href":"https:\/\/www.professionearchitetto.it\/news\/es\/wp-json\/wp\/v2\/users\/1"}],"replies":[{"embeddable":true,"href":"https:\/\/www.professionearchitetto.it\/news\/es\/wp-json\/wp\/v2\/comments?post=11359"}],"version-history":[{"count":0,"href":"https:\/\/www.professionearchitetto.it\/news\/es\/wp-json\/wp\/v2\/posts\/11359\/revisions"}],"wp:featuredmedia":[{"embeddable":true,"href":"https:\/\/www.professionearchitetto.it\/news\/es\/wp-json\/wp\/v2\/media\/11360"}],"wp:attachment":[{"href":"https:\/\/www.professionearchitetto.it\/news\/es\/wp-json\/wp\/v2\/media?parent=11359"}],"wp:term":[{"taxonomy":"category","embeddable":true,"href":"https:\/\/www.professionearchitetto.it\/news\/es\/wp-json\/wp\/v2\/categories?post=11359"},{"taxonomy":"post_tag","embeddable":true,"href":"https:\/\/www.professionearchitetto.it\/news\/es\/wp-json\/wp\/v2\/tags?post=11359"}],"curies":[{"name":"wp","href":"https:\/\/api.w.org\/{rel}","templated":true}]}}