{"id":11527,"date":"2005-08-03T05:24:26","date_gmt":"2005-08-03T04:24:26","guid":{"rendered":"http:\/\/w2.noticiasarquitectura.info\/beirut-plaza-de-los-martires-y-el-gran-eje\/"},"modified":"2005-08-03T05:24:26","modified_gmt":"2005-08-03T04:24:26","slug":"beirut-plaza-de-los-martires-y-el-gran-eje","status":"publish","type":"post","link":"https:\/\/www.professionearchitetto.it\/news\/es\/beirut-plaza-de-los-martires-y-el-gran-eje\/","title":{"rendered":"Beirut: Plaza de los M\u00e1rtires y el Gran Eje"},"content":{"rendered":"<div class=\"testo_es\">El estudio argentino <A href=\"http:\/\/www.asz.com.ar\/\" target=_blank>Antonini-Sch\u00f6n-Zemborain<\/A>, finalista del concurso &#8216;<A href=\"http:\/\/www.beirutmartyrssquare.com\/\" target=_blank>Plaza de los M\u00e1rtires y el Gran Eje de Beirut<\/A>&#8216;,  propuso un mix comercial y simb\u00f3lico para la fusi\u00f3n de estos dos sectores de la capital del L\u00edbano, castigados por 15 a\u00f1os de guerras internas [<A href=\"http:\/\/www.lanacion.com.ar\/edicionimpresa\/suplementos\/Arquitectura\/Nota.asp?nota_id=726734\" target=_blank>La Naci\u00f3n<\/A>]<\/div>\n","protected":false},"excerpt":{"rendered":"<p>El estudio argentino Antonini-Sch\u00f6n-Zemborain, finalista del concurso &#8216;Plaza de los M\u00e1rtires y el Gran Eje de Beirut&#8216;, propuso un mix comercial y simb\u00f3lico para la fusi\u00f3n de estos dos sectores de la capital del L\u00edbano, castigados por 15 a\u00f1os de guerras internas [La Naci\u00f3n]<\/p>\n","protected":false},"author":1,"featured_media":11528,"comment_status":"open","ping_status":"open","sticky":false,"template":"","format":"standard","meta":{"footnotes":""},"categories":[4],"tags":[],"class_list":{"0":"post-11527","1":"post","2":"type-post","3":"status-publish","4":"format-standard","5":"has-post-thumbnail","7":"category-es"},"amp_enabled":true,"_links":{"self":[{"href":"https:\/\/www.professionearchitetto.it\/news\/es\/wp-json\/wp\/v2\/posts\/11527","targetHints":{"allow":["GET"]}}],"collection":[{"href":"https:\/\/www.professionearchitetto.it\/news\/es\/wp-json\/wp\/v2\/posts"}],"about":[{"href":"https:\/\/www.professionearchitetto.it\/news\/es\/wp-json\/wp\/v2\/types\/post"}],"author":[{"embeddable":true,"href":"https:\/\/www.professionearchitetto.it\/news\/es\/wp-json\/wp\/v2\/users\/1"}],"replies":[{"embeddable":true,"href":"https:\/\/www.professionearchitetto.it\/news\/es\/wp-json\/wp\/v2\/comments?post=11527"}],"version-history":[{"count":0,"href":"https:\/\/www.professionearchitetto.it\/news\/es\/wp-json\/wp\/v2\/posts\/11527\/revisions"}],"wp:featuredmedia":[{"embeddable":true,"href":"https:\/\/www.professionearchitetto.it\/news\/es\/wp-json\/wp\/v2\/media\/11528"}],"wp:attachment":[{"href":"https:\/\/www.professionearchitetto.it\/news\/es\/wp-json\/wp\/v2\/media?parent=11527"}],"wp:term":[{"taxonomy":"category","embeddable":true,"href":"https:\/\/www.professionearchitetto.it\/news\/es\/wp-json\/wp\/v2\/categories?post=11527"},{"taxonomy":"post_tag","embeddable":true,"href":"https:\/\/www.professionearchitetto.it\/news\/es\/wp-json\/wp\/v2\/tags?post=11527"}],"curies":[{"name":"wp","href":"https:\/\/api.w.org\/{rel}","templated":true}]}}