{"id":11655,"date":"2005-06-25T18:47:54","date_gmt":"2005-06-25T17:47:54","guid":{"rendered":"http:\/\/w2.noticiasarquitectura.info\/la-high-line-en-manhattan-un-balcon-vegetal\/"},"modified":"2005-06-25T18:47:54","modified_gmt":"2005-06-25T17:47:54","slug":"la-high-line-en-manhattan-un-balcon-vegetal","status":"publish","type":"post","link":"https:\/\/www.professionearchitetto.it\/news\/es\/la-high-line-en-manhattan-un-balcon-vegetal\/","title":{"rendered":"La &#8216;High Line&#8217; en Manhattan, un balc\u00f3n vegetal"},"content":{"rendered":"<div class=\"testo_es\">La &#8216;<A href=\"http:\/\/www.thehighline.org\/\" target=_blank>High Line<\/A>&#8216;, una l\u00ednea de ferrocarril abandonada en Manhattan, podr\u00eda convertirse en el primer parque elevado de la ciudad y en un ejemplo de transformaci\u00f3n urbana digno de imitar. Hace varios meses dos estudios, <A href=\"http:\/\/www.fieldoperations.net\/\" target=_blank>Field Operations<\/A>, en paisajismo, y <A href=\"http:\/\/www.dillerscofidio.com\/\" target=_blank>Diller Scofidio + Renfro<\/A> trabajan en el plan maestro. El <A href=\"http:\/\/www.thehighline.org\/design\/fieldop.html\" target=_blank>proyecto<\/A> consiste en un callej\u00f3n de concreto que avanza entre jardines que reflejar\u00e1n la condici\u00f3n silvestre de la vegetaci\u00f3n que hoy crece en el lugar [<A href=\"http:\/\/diario.elmercurio.com\/2005\/06\/25\/vivienda_y_decoracion\/internacional\/noticias\/BBD36707-B431-4B5C-9DE7-4EAB93718B4C.htm?id={BBD36707-B431-4B5C-9DE7-4EAB93718B4C}\" target=_blank>el mercurio<\/A>]<\/div>\n","protected":false},"excerpt":{"rendered":"<p>La &#8216;High Line&#8216;, una l\u00ednea de ferrocarril abandonada en Manhattan, podr\u00eda convertirse en el primer parque elevado de la ciudad y en un ejemplo de transformaci\u00f3n urbana digno de imitar. Hace varios meses dos estudios, Field Operations, en paisajismo, y Diller Scofidio + Renfro trabajan en el plan maestro. El proyecto consiste en un callej\u00f3n [&hellip;]<\/p>\n","protected":false},"author":1,"featured_media":11656,"comment_status":"open","ping_status":"open","sticky":false,"template":"","format":"standard","meta":{"footnotes":""},"categories":[4],"tags":[],"class_list":{"0":"post-11655","1":"post","2":"type-post","3":"status-publish","4":"format-standard","5":"has-post-thumbnail","7":"category-es"},"amp_enabled":true,"_links":{"self":[{"href":"https:\/\/www.professionearchitetto.it\/news\/es\/wp-json\/wp\/v2\/posts\/11655","targetHints":{"allow":["GET"]}}],"collection":[{"href":"https:\/\/www.professionearchitetto.it\/news\/es\/wp-json\/wp\/v2\/posts"}],"about":[{"href":"https:\/\/www.professionearchitetto.it\/news\/es\/wp-json\/wp\/v2\/types\/post"}],"author":[{"embeddable":true,"href":"https:\/\/www.professionearchitetto.it\/news\/es\/wp-json\/wp\/v2\/users\/1"}],"replies":[{"embeddable":true,"href":"https:\/\/www.professionearchitetto.it\/news\/es\/wp-json\/wp\/v2\/comments?post=11655"}],"version-history":[{"count":0,"href":"https:\/\/www.professionearchitetto.it\/news\/es\/wp-json\/wp\/v2\/posts\/11655\/revisions"}],"wp:featuredmedia":[{"embeddable":true,"href":"https:\/\/www.professionearchitetto.it\/news\/es\/wp-json\/wp\/v2\/media\/11656"}],"wp:attachment":[{"href":"https:\/\/www.professionearchitetto.it\/news\/es\/wp-json\/wp\/v2\/media?parent=11655"}],"wp:term":[{"taxonomy":"category","embeddable":true,"href":"https:\/\/www.professionearchitetto.it\/news\/es\/wp-json\/wp\/v2\/categories?post=11655"},{"taxonomy":"post_tag","embeddable":true,"href":"https:\/\/www.professionearchitetto.it\/news\/es\/wp-json\/wp\/v2\/tags?post=11655"}],"curies":[{"name":"wp","href":"https:\/\/api.w.org\/{rel}","templated":true}]}}