{"id":11863,"date":"2005-04-17T19:58:17","date_gmt":"2005-04-17T18:58:17","guid":{"rendered":"http:\/\/w2.noticiasarquitectura.info\/centro-de-justicia-de-santiago-de-chile\/"},"modified":"2005-04-17T19:58:17","modified_gmt":"2005-04-17T18:58:17","slug":"centro-de-justicia-de-santiago-de-chile","status":"publish","type":"post","link":"https:\/\/www.professionearchitetto.it\/news\/es\/centro-de-justicia-de-santiago-de-chile\/","title":{"rendered":"Centro de Justicia de Santiago de Chile"},"content":{"rendered":"<div class=\"testo_es\">Chile &gt; Im\u00e1genes e informaci\u00f3n del <A href=\"http:\/\/www.vsv.com.ar\/judicial.htm\" target=_blank>Centro de Justicia de Santiago<\/A>, actualmente en construcci\u00f3n, dise\u00f1ado por los estudios <A href=\"http:\/\/www.vsv.com.ar\/\" target=_blank>Marcelo Vila, Adri\u00e1n Sebasti\u00e1n, Javier Vila Arquitectos (Argentina)<\/A> y <A href=\"http:\/\/www.bozaarq.com\/\" target=_blank>Cristi\u00e1n Boza &amp; Asociados Arquitectos (Chile)<\/A> [<A href=\"http:\/\/piezapublica.blogspot.com\/\" target=_blank>Pieza P\u00fablica<\/A> &#8211; &#8216;Bit\u00e1cora de reflexi\u00f3n, opini\u00f3n y cr\u00edtica arquitect\u00f3nica al proyecto del Centro de Justicia de Santiago&#8217; &#8211; \/ <A href=\"http:\/\/skyscrapercity.com\/showpost.php?p=3724277&amp;postcount=1\" target=_blank>SkyscraperCity Forums<\/A>]<\/div>\n","protected":false},"excerpt":{"rendered":"<p>Chile &gt; Im\u00e1genes e informaci\u00f3n del Centro de Justicia de Santiago, actualmente en construcci\u00f3n, dise\u00f1ado por los estudios Marcelo Vila, Adri\u00e1n Sebasti\u00e1n, Javier Vila Arquitectos (Argentina) y Cristi\u00e1n Boza &amp; Asociados Arquitectos (Chile) [Pieza P\u00fablica &#8211; &#8216;Bit\u00e1cora de reflexi\u00f3n, opini\u00f3n y cr\u00edtica arquitect\u00f3nica al proyecto del Centro de Justicia de Santiago&#8217; &#8211; \/ SkyscraperCity Forums]<\/p>\n","protected":false},"author":1,"featured_media":11864,"comment_status":"open","ping_status":"open","sticky":false,"template":"","format":"standard","meta":{"footnotes":""},"categories":[4],"tags":[],"class_list":{"0":"post-11863","1":"post","2":"type-post","3":"status-publish","4":"format-standard","5":"has-post-thumbnail","7":"category-es"},"amp_enabled":true,"_links":{"self":[{"href":"https:\/\/www.professionearchitetto.it\/news\/es\/wp-json\/wp\/v2\/posts\/11863","targetHints":{"allow":["GET"]}}],"collection":[{"href":"https:\/\/www.professionearchitetto.it\/news\/es\/wp-json\/wp\/v2\/posts"}],"about":[{"href":"https:\/\/www.professionearchitetto.it\/news\/es\/wp-json\/wp\/v2\/types\/post"}],"author":[{"embeddable":true,"href":"https:\/\/www.professionearchitetto.it\/news\/es\/wp-json\/wp\/v2\/users\/1"}],"replies":[{"embeddable":true,"href":"https:\/\/www.professionearchitetto.it\/news\/es\/wp-json\/wp\/v2\/comments?post=11863"}],"version-history":[{"count":0,"href":"https:\/\/www.professionearchitetto.it\/news\/es\/wp-json\/wp\/v2\/posts\/11863\/revisions"}],"wp:featuredmedia":[{"embeddable":true,"href":"https:\/\/www.professionearchitetto.it\/news\/es\/wp-json\/wp\/v2\/media\/11864"}],"wp:attachment":[{"href":"https:\/\/www.professionearchitetto.it\/news\/es\/wp-json\/wp\/v2\/media?parent=11863"}],"wp:term":[{"taxonomy":"category","embeddable":true,"href":"https:\/\/www.professionearchitetto.it\/news\/es\/wp-json\/wp\/v2\/categories?post=11863"},{"taxonomy":"post_tag","embeddable":true,"href":"https:\/\/www.professionearchitetto.it\/news\/es\/wp-json\/wp\/v2\/tags?post=11863"}],"curies":[{"name":"wp","href":"https:\/\/api.w.org\/{rel}","templated":true}]}}