{"id":12277,"date":"2004-12-13T14:04:38","date_gmt":"2004-12-13T13:04:38","guid":{"rendered":"http:\/\/w2.noticiasarquitectura.info\/entrevista-a-osvald-mathias-ungers\/"},"modified":"2004-12-13T14:04:38","modified_gmt":"2004-12-13T13:04:38","slug":"entrevista-a-osvald-mathias-ungers","status":"publish","type":"post","link":"https:\/\/www.professionearchitetto.it\/news\/es\/entrevista-a-osvald-mathias-ungers\/","title":{"rendered":"Entrevista a Osvald Mathias Ungers"},"content":{"rendered":"<div class=\"testo_es\">El arquitecto alem\u00e1n Osvald Mathias Ungers habla acerca de su b\u00fasqueda de la abstracci\u00f3n y de c\u00f3mo ha basado su propia sintaxis arquitect\u00f3nica en la materia y en la geometr\u00eda [<A href=\"http:\/\/www.floornature.com\/worldaround\/articolo.php\/art35\/5\/es\/arch48\" target=_blank>floornature<\/A>] <\/div>\n","protected":false},"excerpt":{"rendered":"<p>El arquitecto alem\u00e1n Osvald Mathias Ungers habla acerca de su b\u00fasqueda de la abstracci\u00f3n y de c\u00f3mo ha basado su propia sintaxis arquitect\u00f3nica en la materia y en la geometr\u00eda [floornature]<\/p>\n","protected":false},"author":1,"featured_media":12278,"comment_status":"open","ping_status":"open","sticky":false,"template":"","format":"standard","meta":{"footnotes":""},"categories":[4],"tags":[],"class_list":{"0":"post-12277","1":"post","2":"type-post","3":"status-publish","4":"format-standard","5":"has-post-thumbnail","7":"category-es"},"amp_enabled":true,"_links":{"self":[{"href":"https:\/\/www.professionearchitetto.it\/news\/es\/wp-json\/wp\/v2\/posts\/12277","targetHints":{"allow":["GET"]}}],"collection":[{"href":"https:\/\/www.professionearchitetto.it\/news\/es\/wp-json\/wp\/v2\/posts"}],"about":[{"href":"https:\/\/www.professionearchitetto.it\/news\/es\/wp-json\/wp\/v2\/types\/post"}],"author":[{"embeddable":true,"href":"https:\/\/www.professionearchitetto.it\/news\/es\/wp-json\/wp\/v2\/users\/1"}],"replies":[{"embeddable":true,"href":"https:\/\/www.professionearchitetto.it\/news\/es\/wp-json\/wp\/v2\/comments?post=12277"}],"version-history":[{"count":0,"href":"https:\/\/www.professionearchitetto.it\/news\/es\/wp-json\/wp\/v2\/posts\/12277\/revisions"}],"wp:featuredmedia":[{"embeddable":true,"href":"https:\/\/www.professionearchitetto.it\/news\/es\/wp-json\/wp\/v2\/media\/12278"}],"wp:attachment":[{"href":"https:\/\/www.professionearchitetto.it\/news\/es\/wp-json\/wp\/v2\/media?parent=12277"}],"wp:term":[{"taxonomy":"category","embeddable":true,"href":"https:\/\/www.professionearchitetto.it\/news\/es\/wp-json\/wp\/v2\/categories?post=12277"},{"taxonomy":"post_tag","embeddable":true,"href":"https:\/\/www.professionearchitetto.it\/news\/es\/wp-json\/wp\/v2\/tags?post=12277"}],"curies":[{"name":"wp","href":"https:\/\/api.w.org\/{rel}","templated":true}]}}