{"id":12397,"date":"2004-11-05T19:23:33","date_gmt":"2004-11-05T18:23:33","guid":{"rendered":"http:\/\/w2.noticiasarquitectura.info\/diseno-2004-todo-lo-que-brilla-es-plastico\/"},"modified":"2004-11-05T19:23:33","modified_gmt":"2004-11-05T18:23:33","slug":"diseno-2004-todo-lo-que-brilla-es-plastico","status":"publish","type":"post","link":"https:\/\/www.professionearchitetto.it\/news\/es\/diseno-2004-todo-lo-que-brilla-es-plastico\/","title":{"rendered":"Dise\u00f1o 2004: todo lo que brilla es pl\u00e1stico"},"content":{"rendered":"<div class=\"testo_es\">[Argentina] Buenos Aires &gt; Arranc\u00f3 en la Recoleta la exposici\u00f3n <A href=\"http:\/\/www.cienporciento.net\/\" target=_blank>Cien por Ciento Dise\u00f1o<\/A>. Se exhiben originales objetos creados por dise\u00f1adores argentinos e internacionales [<A href=\"http:\/\/www.clarin.com\/diario\/2004\/11\/05\/conexiones\/t-863294.htm\" target=_blank>Clar\u00edn<\/A>]<\/div>\n","protected":false},"excerpt":{"rendered":"<p>[Argentina] Buenos Aires &gt; Arranc\u00f3 en la Recoleta la exposici\u00f3n Cien por Ciento Dise\u00f1o. Se exhiben originales objetos creados por dise\u00f1adores argentinos e internacionales [Clar\u00edn]<\/p>\n","protected":false},"author":1,"featured_media":12398,"comment_status":"open","ping_status":"open","sticky":false,"template":"","format":"standard","meta":{"footnotes":""},"categories":[4],"tags":[],"class_list":{"0":"post-12397","1":"post","2":"type-post","3":"status-publish","4":"format-standard","5":"has-post-thumbnail","7":"category-es"},"amp_enabled":true,"_links":{"self":[{"href":"https:\/\/www.professionearchitetto.it\/news\/es\/wp-json\/wp\/v2\/posts\/12397","targetHints":{"allow":["GET"]}}],"collection":[{"href":"https:\/\/www.professionearchitetto.it\/news\/es\/wp-json\/wp\/v2\/posts"}],"about":[{"href":"https:\/\/www.professionearchitetto.it\/news\/es\/wp-json\/wp\/v2\/types\/post"}],"author":[{"embeddable":true,"href":"https:\/\/www.professionearchitetto.it\/news\/es\/wp-json\/wp\/v2\/users\/1"}],"replies":[{"embeddable":true,"href":"https:\/\/www.professionearchitetto.it\/news\/es\/wp-json\/wp\/v2\/comments?post=12397"}],"version-history":[{"count":0,"href":"https:\/\/www.professionearchitetto.it\/news\/es\/wp-json\/wp\/v2\/posts\/12397\/revisions"}],"wp:featuredmedia":[{"embeddable":true,"href":"https:\/\/www.professionearchitetto.it\/news\/es\/wp-json\/wp\/v2\/media\/12398"}],"wp:attachment":[{"href":"https:\/\/www.professionearchitetto.it\/news\/es\/wp-json\/wp\/v2\/media?parent=12397"}],"wp:term":[{"taxonomy":"category","embeddable":true,"href":"https:\/\/www.professionearchitetto.it\/news\/es\/wp-json\/wp\/v2\/categories?post=12397"},{"taxonomy":"post_tag","embeddable":true,"href":"https:\/\/www.professionearchitetto.it\/news\/es\/wp-json\/wp\/v2\/tags?post=12397"}],"curies":[{"name":"wp","href":"https:\/\/api.w.org\/{rel}","templated":true}]}}