{"id":12689,"date":"2004-05-27T03:28:37","date_gmt":"2004-05-27T02:28:37","guid":{"rendered":"http:\/\/w2.noticiasarquitectura.info\/museo-de-cantabria-santander-espana-mansillatunon\/"},"modified":"2004-05-27T03:28:37","modified_gmt":"2004-05-27T02:28:37","slug":"museo-de-cantabria-santander-espana-mansillatunon","status":"publish","type":"post","link":"https:\/\/www.professionearchitetto.it\/news\/es\/museo-de-cantabria-santander-espana-mansillatunon\/","title":{"rendered":"Museo de Cantabria, Santander &#8211; Espa\u00f1a, Mansilla+Tu\u00f1\u00f3n"},"content":{"rendered":"<div class=\"testo_es\"><P>Im\u00e1genes del proyecto para el Museo de Cantabria en Santander, Espa\u00f1a, dise\u00f1ado por <A href=\"http:\/\/www.mansilla-tunon.com\/\" target=_blank>Mansilla+Tu\u00f1\u00f3n<\/A> [<A href=\"http:\/\/www.europaconcorsi.com\/db\/pub\/scheda.php?id=2042\" target=_blank>europaconcorsi<\/A>]<\/P><\/div>\n","protected":false},"excerpt":{"rendered":"<p>Im\u00e1genes del proyecto para el Museo de Cantabria en Santander, Espa\u00f1a, dise\u00f1ado por Mansilla+Tu\u00f1\u00f3n [europaconcorsi]<\/p>\n","protected":false},"author":1,"featured_media":12690,"comment_status":"open","ping_status":"open","sticky":false,"template":"","format":"standard","meta":{"footnotes":""},"categories":[4],"tags":[],"class_list":{"0":"post-12689","1":"post","2":"type-post","3":"status-publish","4":"format-standard","5":"has-post-thumbnail","7":"category-es"},"amp_enabled":true,"_links":{"self":[{"href":"https:\/\/www.professionearchitetto.it\/news\/es\/wp-json\/wp\/v2\/posts\/12689","targetHints":{"allow":["GET"]}}],"collection":[{"href":"https:\/\/www.professionearchitetto.it\/news\/es\/wp-json\/wp\/v2\/posts"}],"about":[{"href":"https:\/\/www.professionearchitetto.it\/news\/es\/wp-json\/wp\/v2\/types\/post"}],"author":[{"embeddable":true,"href":"https:\/\/www.professionearchitetto.it\/news\/es\/wp-json\/wp\/v2\/users\/1"}],"replies":[{"embeddable":true,"href":"https:\/\/www.professionearchitetto.it\/news\/es\/wp-json\/wp\/v2\/comments?post=12689"}],"version-history":[{"count":0,"href":"https:\/\/www.professionearchitetto.it\/news\/es\/wp-json\/wp\/v2\/posts\/12689\/revisions"}],"wp:featuredmedia":[{"embeddable":true,"href":"https:\/\/www.professionearchitetto.it\/news\/es\/wp-json\/wp\/v2\/media\/12690"}],"wp:attachment":[{"href":"https:\/\/www.professionearchitetto.it\/news\/es\/wp-json\/wp\/v2\/media?parent=12689"}],"wp:term":[{"taxonomy":"category","embeddable":true,"href":"https:\/\/www.professionearchitetto.it\/news\/es\/wp-json\/wp\/v2\/categories?post=12689"},{"taxonomy":"post_tag","embeddable":true,"href":"https:\/\/www.professionearchitetto.it\/news\/es\/wp-json\/wp\/v2\/tags?post=12689"}],"curies":[{"name":"wp","href":"https:\/\/api.w.org\/{rel}","templated":true}]}}