{"id":12693,"date":"2004-05-25T17:23:01","date_gmt":"2004-05-25T16:23:01","guid":{"rendered":"http:\/\/w2.noticiasarquitectura.info\/nuevo-parlamento-escoces-enric-miralles\/"},"modified":"2004-05-25T17:23:01","modified_gmt":"2004-05-25T16:23:01","slug":"nuevo-parlamento-escoces-enric-miralles","status":"publish","type":"post","link":"https:\/\/www.professionearchitetto.it\/news\/es\/nuevo-parlamento-escoces-enric-miralles\/","title":{"rendered":"Nuevo Parlamento Escoc\u00e9s, Enric Miralles"},"content":{"rendered":"<div class=\"testo_es\"><P>Im\u00e1genes del nuevo edificio para el <A href=\"http:\/\/www.scottish.parliament.uk\/holyrood\/hdesign.html\" target=_blank>Parlamento Escoc\u00e9s<\/A>, dise\u00f1ado por <A href=\"http:\/\/www.mirallestagliabue.com\/\" target=_blank>Enric Miralles<\/A> [<A href=\"http:\/\/www.hughpearman.com\/articles5\/scottish_parliament.html\">Hugh Pearman<\/A>]<\/P><\/div>\n","protected":false},"excerpt":{"rendered":"<p>Im\u00e1genes del nuevo edificio para el Parlamento Escoc\u00e9s, dise\u00f1ado por Enric Miralles [Hugh Pearman]<\/p>\n","protected":false},"author":1,"featured_media":12694,"comment_status":"open","ping_status":"open","sticky":false,"template":"","format":"standard","meta":{"footnotes":""},"categories":[4],"tags":[],"class_list":{"0":"post-12693","1":"post","2":"type-post","3":"status-publish","4":"format-standard","5":"has-post-thumbnail","7":"category-es"},"amp_enabled":true,"_links":{"self":[{"href":"https:\/\/www.professionearchitetto.it\/news\/es\/wp-json\/wp\/v2\/posts\/12693","targetHints":{"allow":["GET"]}}],"collection":[{"href":"https:\/\/www.professionearchitetto.it\/news\/es\/wp-json\/wp\/v2\/posts"}],"about":[{"href":"https:\/\/www.professionearchitetto.it\/news\/es\/wp-json\/wp\/v2\/types\/post"}],"author":[{"embeddable":true,"href":"https:\/\/www.professionearchitetto.it\/news\/es\/wp-json\/wp\/v2\/users\/1"}],"replies":[{"embeddable":true,"href":"https:\/\/www.professionearchitetto.it\/news\/es\/wp-json\/wp\/v2\/comments?post=12693"}],"version-history":[{"count":0,"href":"https:\/\/www.professionearchitetto.it\/news\/es\/wp-json\/wp\/v2\/posts\/12693\/revisions"}],"wp:featuredmedia":[{"embeddable":true,"href":"https:\/\/www.professionearchitetto.it\/news\/es\/wp-json\/wp\/v2\/media\/12694"}],"wp:attachment":[{"href":"https:\/\/www.professionearchitetto.it\/news\/es\/wp-json\/wp\/v2\/media?parent=12693"}],"wp:term":[{"taxonomy":"category","embeddable":true,"href":"https:\/\/www.professionearchitetto.it\/news\/es\/wp-json\/wp\/v2\/categories?post=12693"},{"taxonomy":"post_tag","embeddable":true,"href":"https:\/\/www.professionearchitetto.it\/news\/es\/wp-json\/wp\/v2\/tags?post=12693"}],"curies":[{"name":"wp","href":"https:\/\/api.w.org\/{rel}","templated":true}]}}