{"id":12699,"date":"2004-05-21T05:49:46","date_gmt":"2004-05-21T04:49:46","guid":{"rendered":"http:\/\/w2.noticiasarquitectura.info\/museo-de-la-tolerancia-jerusalem-frank-gehry\/"},"modified":"2004-05-21T05:49:46","modified_gmt":"2004-05-21T04:49:46","slug":"museo-de-la-tolerancia-jerusalem-frank-gehry","status":"publish","type":"post","link":"https:\/\/www.professionearchitetto.it\/news\/es\/museo-de-la-tolerancia-jerusalem-frank-gehry\/","title":{"rendered":"Museo de la Tolerancia, Jerusal\u00e9m, Frank Gehry"},"content":{"rendered":"<div class=\"testo_es\"><P>Im\u00e1genes del proyecto para el <A href=\"http:\/\/www.museumoftolerance.com\/\" target=_blank>Museo de la Tolerancia<\/A> en Jerusal\u00e9m dise\u00f1ado por Frank Gehry [<A href=\"http:\/\/www.europaconcorsi.com\/db\/pub\/scheda.php?id=1994\" target=_blank>europaconcorsi<\/A>]<\/P><\/div>\n","protected":false},"excerpt":{"rendered":"<p>Im\u00e1genes del proyecto para el Museo de la Tolerancia en Jerusal\u00e9m dise\u00f1ado por Frank Gehry [europaconcorsi]<\/p>\n","protected":false},"author":1,"featured_media":12700,"comment_status":"open","ping_status":"open","sticky":false,"template":"","format":"standard","meta":{"footnotes":""},"categories":[4],"tags":[],"class_list":{"0":"post-12699","1":"post","2":"type-post","3":"status-publish","4":"format-standard","5":"has-post-thumbnail","7":"category-es"},"amp_enabled":true,"_links":{"self":[{"href":"https:\/\/www.professionearchitetto.it\/news\/es\/wp-json\/wp\/v2\/posts\/12699","targetHints":{"allow":["GET"]}}],"collection":[{"href":"https:\/\/www.professionearchitetto.it\/news\/es\/wp-json\/wp\/v2\/posts"}],"about":[{"href":"https:\/\/www.professionearchitetto.it\/news\/es\/wp-json\/wp\/v2\/types\/post"}],"author":[{"embeddable":true,"href":"https:\/\/www.professionearchitetto.it\/news\/es\/wp-json\/wp\/v2\/users\/1"}],"replies":[{"embeddable":true,"href":"https:\/\/www.professionearchitetto.it\/news\/es\/wp-json\/wp\/v2\/comments?post=12699"}],"version-history":[{"count":0,"href":"https:\/\/www.professionearchitetto.it\/news\/es\/wp-json\/wp\/v2\/posts\/12699\/revisions"}],"wp:featuredmedia":[{"embeddable":true,"href":"https:\/\/www.professionearchitetto.it\/news\/es\/wp-json\/wp\/v2\/media\/12700"}],"wp:attachment":[{"href":"https:\/\/www.professionearchitetto.it\/news\/es\/wp-json\/wp\/v2\/media?parent=12699"}],"wp:term":[{"taxonomy":"category","embeddable":true,"href":"https:\/\/www.professionearchitetto.it\/news\/es\/wp-json\/wp\/v2\/categories?post=12699"},{"taxonomy":"post_tag","embeddable":true,"href":"https:\/\/www.professionearchitetto.it\/news\/es\/wp-json\/wp\/v2\/tags?post=12699"}],"curies":[{"name":"wp","href":"https:\/\/api.w.org\/{rel}","templated":true}]}}