{"id":12845,"date":"2004-02-27T17:04:24","date_gmt":"2004-02-27T16:04:24","guid":{"rendered":"http:\/\/w2.noticiasarquitectura.info\/ciudad-del-flamenco-de-jerez-espana-herzog-y-de-meuron\/"},"modified":"2004-02-27T17:04:24","modified_gmt":"2004-02-27T16:04:24","slug":"ciudad-del-flamenco-de-jerez-espana-herzog-y-de-meuron","status":"publish","type":"post","link":"https:\/\/www.professionearchitetto.it\/news\/es\/ciudad-del-flamenco-de-jerez-espana-herzog-y-de-meuron\/","title":{"rendered":"Ciudad del Flamenco de Jerez &#8211; Espa\u00f1a, Herzog y De Meuron"},"content":{"rendered":"<div class=\"testo_es\"><P>Informaci\u00f3n e im\u00e1genes del proyecto del estudio suizo de <A href=\"http:\/\/www.pritzkerprize.com\/2001annc.htm\" target=_blank>Herzog y De Meuron<\/A> para la Ciudad del Flamenco de Jerez (Espa\u00f1a) [<A href=\"http:\/\/ciudaddelflamenco.jerez.es\/\" target=_blank>ciudaddelflamenco.jerez.es<\/A>]<\/P><\/div>\n","protected":false},"excerpt":{"rendered":"<p>Informaci\u00f3n e im\u00e1genes del proyecto del estudio suizo de Herzog y De Meuron para la Ciudad del Flamenco de Jerez (Espa\u00f1a) [ciudaddelflamenco.jerez.es]<\/p>\n","protected":false},"author":1,"featured_media":12846,"comment_status":"open","ping_status":"open","sticky":false,"template":"","format":"standard","meta":{"footnotes":""},"categories":[4],"tags":[],"class_list":{"0":"post-12845","1":"post","2":"type-post","3":"status-publish","4":"format-standard","5":"has-post-thumbnail","7":"category-es"},"amp_enabled":true,"_links":{"self":[{"href":"https:\/\/www.professionearchitetto.it\/news\/es\/wp-json\/wp\/v2\/posts\/12845","targetHints":{"allow":["GET"]}}],"collection":[{"href":"https:\/\/www.professionearchitetto.it\/news\/es\/wp-json\/wp\/v2\/posts"}],"about":[{"href":"https:\/\/www.professionearchitetto.it\/news\/es\/wp-json\/wp\/v2\/types\/post"}],"author":[{"embeddable":true,"href":"https:\/\/www.professionearchitetto.it\/news\/es\/wp-json\/wp\/v2\/users\/1"}],"replies":[{"embeddable":true,"href":"https:\/\/www.professionearchitetto.it\/news\/es\/wp-json\/wp\/v2\/comments?post=12845"}],"version-history":[{"count":0,"href":"https:\/\/www.professionearchitetto.it\/news\/es\/wp-json\/wp\/v2\/posts\/12845\/revisions"}],"wp:featuredmedia":[{"embeddable":true,"href":"https:\/\/www.professionearchitetto.it\/news\/es\/wp-json\/wp\/v2\/media\/12846"}],"wp:attachment":[{"href":"https:\/\/www.professionearchitetto.it\/news\/es\/wp-json\/wp\/v2\/media?parent=12845"}],"wp:term":[{"taxonomy":"category","embeddable":true,"href":"https:\/\/www.professionearchitetto.it\/news\/es\/wp-json\/wp\/v2\/categories?post=12845"},{"taxonomy":"post_tag","embeddable":true,"href":"https:\/\/www.professionearchitetto.it\/news\/es\/wp-json\/wp\/v2\/tags?post=12845"}],"curies":[{"name":"wp","href":"https:\/\/api.w.org\/{rel}","templated":true}]}}