{"id":12853,"date":"2004-02-23T03:12:23","date_gmt":"2004-02-23T02:12:23","guid":{"rendered":"http:\/\/w2.noticiasarquitectura.info\/matsumoto-performing-arts-centre-toyo-ito\/"},"modified":"2004-02-23T03:12:23","modified_gmt":"2004-02-23T02:12:23","slug":"matsumoto-performing-arts-centre-toyo-ito","status":"publish","type":"post","link":"https:\/\/www.professionearchitetto.it\/news\/es\/matsumoto-performing-arts-centre-toyo-ito\/","title":{"rendered":"&#8216;Matsumoto Performing Arts Centre&#8217;, Toyo Ito"},"content":{"rendered":"<div class=\"testo_es\"><P>Im\u00e1genes de la construcci\u00f3n del &#8216;Matsumoto Performing Arts Centre&#8217; dise\u00f1ado por Toyo Ito [<A href=\"http:\/\/www.dezain.net\/e2004\/gomatsumoto.htm\" target=_blank>dezain.net<\/A>]<\/P><\/div>\n","protected":false},"excerpt":{"rendered":"<p>Im\u00e1genes de la construcci\u00f3n del &#8216;Matsumoto Performing Arts Centre&#8217; dise\u00f1ado por Toyo Ito [dezain.net]<\/p>\n","protected":false},"author":1,"featured_media":12854,"comment_status":"open","ping_status":"open","sticky":false,"template":"","format":"standard","meta":{"footnotes":""},"categories":[4],"tags":[],"class_list":{"0":"post-12853","1":"post","2":"type-post","3":"status-publish","4":"format-standard","5":"has-post-thumbnail","7":"category-es"},"amp_enabled":true,"_links":{"self":[{"href":"https:\/\/www.professionearchitetto.it\/news\/es\/wp-json\/wp\/v2\/posts\/12853","targetHints":{"allow":["GET"]}}],"collection":[{"href":"https:\/\/www.professionearchitetto.it\/news\/es\/wp-json\/wp\/v2\/posts"}],"about":[{"href":"https:\/\/www.professionearchitetto.it\/news\/es\/wp-json\/wp\/v2\/types\/post"}],"author":[{"embeddable":true,"href":"https:\/\/www.professionearchitetto.it\/news\/es\/wp-json\/wp\/v2\/users\/1"}],"replies":[{"embeddable":true,"href":"https:\/\/www.professionearchitetto.it\/news\/es\/wp-json\/wp\/v2\/comments?post=12853"}],"version-history":[{"count":0,"href":"https:\/\/www.professionearchitetto.it\/news\/es\/wp-json\/wp\/v2\/posts\/12853\/revisions"}],"wp:featuredmedia":[{"embeddable":true,"href":"https:\/\/www.professionearchitetto.it\/news\/es\/wp-json\/wp\/v2\/media\/12854"}],"wp:attachment":[{"href":"https:\/\/www.professionearchitetto.it\/news\/es\/wp-json\/wp\/v2\/media?parent=12853"}],"wp:term":[{"taxonomy":"category","embeddable":true,"href":"https:\/\/www.professionearchitetto.it\/news\/es\/wp-json\/wp\/v2\/categories?post=12853"},{"taxonomy":"post_tag","embeddable":true,"href":"https:\/\/www.professionearchitetto.it\/news\/es\/wp-json\/wp\/v2\/tags?post=12853"}],"curies":[{"name":"wp","href":"https:\/\/api.w.org\/{rel}","templated":true}]}}