{"id":12883,"date":"2004-02-05T02:49:29","date_gmt":"2004-02-05T01:49:29","guid":{"rendered":"http:\/\/w2.noticiasarquitectura.info\/publicis-drugstore-paris-michele-saee\/"},"modified":"2004-02-05T02:49:29","modified_gmt":"2004-02-05T01:49:29","slug":"publicis-drugstore-paris-michele-saee","status":"publish","type":"post","link":"https:\/\/www.professionearchitetto.it\/news\/es\/publicis-drugstore-paris-michele-saee\/","title":{"rendered":"Publicis Drugstore, Par\u00eds, Michele Saee"},"content":{"rendered":"<div class=\"testo_es\"><P>Im\u00e1genes del Publicis Drugstore en Par\u00eds, dise\u00f1ado por <A href=\"http:\/\/www.michelesaee.com\/\" target=_blank>Michele Saee<\/A> (Los Angeles). Inaugurado en enero de 2004 [<A href=\"http:\/\/www.europaconcorsi.com\/db\/pub\/scheda.php?id=1021\" target=_blank>europaconcorsi<\/A>]<\/P><\/div>\n","protected":false},"excerpt":{"rendered":"<p>Im\u00e1genes del Publicis Drugstore en Par\u00eds, dise\u00f1ado por Michele Saee (Los Angeles). Inaugurado en enero de 2004 [europaconcorsi]<\/p>\n","protected":false},"author":1,"featured_media":12884,"comment_status":"open","ping_status":"open","sticky":false,"template":"","format":"standard","meta":{"footnotes":""},"categories":[4],"tags":[],"class_list":{"0":"post-12883","1":"post","2":"type-post","3":"status-publish","4":"format-standard","5":"has-post-thumbnail","7":"category-es"},"amp_enabled":true,"_links":{"self":[{"href":"https:\/\/www.professionearchitetto.it\/news\/es\/wp-json\/wp\/v2\/posts\/12883","targetHints":{"allow":["GET"]}}],"collection":[{"href":"https:\/\/www.professionearchitetto.it\/news\/es\/wp-json\/wp\/v2\/posts"}],"about":[{"href":"https:\/\/www.professionearchitetto.it\/news\/es\/wp-json\/wp\/v2\/types\/post"}],"author":[{"embeddable":true,"href":"https:\/\/www.professionearchitetto.it\/news\/es\/wp-json\/wp\/v2\/users\/1"}],"replies":[{"embeddable":true,"href":"https:\/\/www.professionearchitetto.it\/news\/es\/wp-json\/wp\/v2\/comments?post=12883"}],"version-history":[{"count":0,"href":"https:\/\/www.professionearchitetto.it\/news\/es\/wp-json\/wp\/v2\/posts\/12883\/revisions"}],"wp:featuredmedia":[{"embeddable":true,"href":"https:\/\/www.professionearchitetto.it\/news\/es\/wp-json\/wp\/v2\/media\/12884"}],"wp:attachment":[{"href":"https:\/\/www.professionearchitetto.it\/news\/es\/wp-json\/wp\/v2\/media?parent=12883"}],"wp:term":[{"taxonomy":"category","embeddable":true,"href":"https:\/\/www.professionearchitetto.it\/news\/es\/wp-json\/wp\/v2\/categories?post=12883"},{"taxonomy":"post_tag","embeddable":true,"href":"https:\/\/www.professionearchitetto.it\/news\/es\/wp-json\/wp\/v2\/tags?post=12883"}],"curies":[{"name":"wp","href":"https:\/\/api.w.org\/{rel}","templated":true}]}}