{"id":12945,"date":"2003-12-27T20:09:41","date_gmt":"2003-12-27T19:09:41","guid":{"rendered":"http:\/\/w2.noticiasarquitectura.info\/london-metropolitan-university-post-graduate-centre-daniel-libeskind-2\/"},"modified":"2003-12-27T20:09:41","modified_gmt":"2003-12-27T19:09:41","slug":"london-metropolitan-university-post-graduate-centre-daniel-libeskind-2","status":"publish","type":"post","link":"https:\/\/www.professionearchitetto.it\/news\/es\/london-metropolitan-university-post-graduate-centre-daniel-libeskind-2\/","title":{"rendered":"&#8216;London Metropolitan University Post Graduate Centre&#8217;, Daniel Libeskind"},"content":{"rendered":"<div class=\"testo_es\"><P>Informaci\u00f3n e im\u00e1genes de la construcci\u00f3n del &#8216;London Metropolitan University Post Graduate Centre&#8217;, dise\u00f1ado por <A href=\"http:\/\/www.daniel-libeskind.com\/\" target=_blank>Daniel Libeskind<\/A> [<A href=\"http:\/\/www.londonmet.ac.uk\/news\/buildings\/graduate-school.cfm\" target=_blank>londonmet.ac.uk<\/A>]<\/P>\r\n<P>M\u00e1s informaci\u00f3n &gt; <A href=\"http:\/\/www.daniel-libeskind.com\/projects\/pro.html?ID=44\" target=_blank>daniel-libeskind.com<\/A><\/P><\/div>\n","protected":false},"excerpt":{"rendered":"<p>Informaci\u00f3n e im\u00e1genes de la construcci\u00f3n del &#8216;London Metropolitan University Post Graduate Centre&#8217;, dise\u00f1ado por Daniel Libeskind [londonmet.ac.uk] M\u00e1s informaci\u00f3n &gt; daniel-libeskind.com<\/p>\n","protected":false},"author":1,"featured_media":12946,"comment_status":"open","ping_status":"open","sticky":false,"template":"","format":"standard","meta":{"footnotes":""},"categories":[4],"tags":[],"class_list":{"0":"post-12945","1":"post","2":"type-post","3":"status-publish","4":"format-standard","5":"has-post-thumbnail","7":"category-es"},"amp_enabled":true,"_links":{"self":[{"href":"https:\/\/www.professionearchitetto.it\/news\/es\/wp-json\/wp\/v2\/posts\/12945","targetHints":{"allow":["GET"]}}],"collection":[{"href":"https:\/\/www.professionearchitetto.it\/news\/es\/wp-json\/wp\/v2\/posts"}],"about":[{"href":"https:\/\/www.professionearchitetto.it\/news\/es\/wp-json\/wp\/v2\/types\/post"}],"author":[{"embeddable":true,"href":"https:\/\/www.professionearchitetto.it\/news\/es\/wp-json\/wp\/v2\/users\/1"}],"replies":[{"embeddable":true,"href":"https:\/\/www.professionearchitetto.it\/news\/es\/wp-json\/wp\/v2\/comments?post=12945"}],"version-history":[{"count":0,"href":"https:\/\/www.professionearchitetto.it\/news\/es\/wp-json\/wp\/v2\/posts\/12945\/revisions"}],"wp:featuredmedia":[{"embeddable":true,"href":"https:\/\/www.professionearchitetto.it\/news\/es\/wp-json\/wp\/v2\/media\/12946"}],"wp:attachment":[{"href":"https:\/\/www.professionearchitetto.it\/news\/es\/wp-json\/wp\/v2\/media?parent=12945"}],"wp:term":[{"taxonomy":"category","embeddable":true,"href":"https:\/\/www.professionearchitetto.it\/news\/es\/wp-json\/wp\/v2\/categories?post=12945"},{"taxonomy":"post_tag","embeddable":true,"href":"https:\/\/www.professionearchitetto.it\/news\/es\/wp-json\/wp\/v2\/tags?post=12945"}],"curies":[{"name":"wp","href":"https:\/\/api.w.org\/{rel}","templated":true}]}}