{"id":13464,"date":"2003-01-24T02:21:10","date_gmt":"2003-01-24T01:21:10","guid":{"rendered":"http:\/\/w2.noticiasarquitectura.info\/torre-agbar-barcelona-jean-nouvel-3\/"},"modified":"2003-01-24T02:21:10","modified_gmt":"2003-01-24T01:21:10","slug":"torre-agbar-barcelona-jean-nouvel-3","status":"publish","type":"post","link":"https:\/\/www.professionearchitetto.it\/news\/es\/torre-agbar-barcelona-jean-nouvel-3\/","title":{"rendered":"Torre Agbar, Barcelona, Jean Nouvel"},"content":{"rendered":"<div class=\"testo_es\"><P>Informaci\u00f3n sobre la <A href=\"http:\/\/www.layetana.com\/torreagbar\/cs_agbar.htm\" target=_blank>Torre Agbar<\/A> en Barcelona dise\u00f1ada por <A href=\"http:\/\/www.datarq.fadu.uba.ar\/datarq\/arq\/nouve\/homepage.html\" target=_blank>Jean Nouvel<\/A>. Se trata de la construcci\u00f3n de un complejo de oficinas. Un total de 39.000 m\u00b2 en un edificio de tres cuerpos en forma de prisma.El mismo consta de 32 plantas, m\u00e1s 3 plantas t\u00e9cnicas, con una altura de 142 m, 2 plantas subterr\u00e1neas de auditorio y servicios, m\u00e1s 2 plantas de estacionamiento<BR>M\u00e1s informaci\u00f3n &gt; <A href=\"http:\/\/www.layetana.com\/torreagbar\/cs_agbar.htm\" target=_blank>layetana.com<\/A> \/ <A href=\"http:\/\/www.structurae.de\/en\/structures\/data\/str00429.php\" target=_blank>structurae.de<\/A><\/P><\/div>\n","protected":false},"excerpt":{"rendered":"<p>Informaci\u00f3n sobre la Torre Agbar en Barcelona dise\u00f1ada por Jean Nouvel. Se trata de la construcci\u00f3n de un complejo de oficinas. Un total de 39.000 m\u00b2 en un edificio de tres cuerpos en forma de prisma.El mismo consta de 32 plantas, m\u00e1s 3 plantas t\u00e9cnicas, con una altura de 142 m, 2 plantas subterr\u00e1neas de [&hellip;]<\/p>\n","protected":false},"author":1,"featured_media":13465,"comment_status":"open","ping_status":"open","sticky":false,"template":"","format":"standard","meta":{"footnotes":""},"categories":[4],"tags":[],"class_list":{"0":"post-13464","1":"post","2":"type-post","3":"status-publish","4":"format-standard","5":"has-post-thumbnail","7":"category-es"},"amp_enabled":true,"_links":{"self":[{"href":"https:\/\/www.professionearchitetto.it\/news\/es\/wp-json\/wp\/v2\/posts\/13464","targetHints":{"allow":["GET"]}}],"collection":[{"href":"https:\/\/www.professionearchitetto.it\/news\/es\/wp-json\/wp\/v2\/posts"}],"about":[{"href":"https:\/\/www.professionearchitetto.it\/news\/es\/wp-json\/wp\/v2\/types\/post"}],"author":[{"embeddable":true,"href":"https:\/\/www.professionearchitetto.it\/news\/es\/wp-json\/wp\/v2\/users\/1"}],"replies":[{"embeddable":true,"href":"https:\/\/www.professionearchitetto.it\/news\/es\/wp-json\/wp\/v2\/comments?post=13464"}],"version-history":[{"count":0,"href":"https:\/\/www.professionearchitetto.it\/news\/es\/wp-json\/wp\/v2\/posts\/13464\/revisions"}],"wp:featuredmedia":[{"embeddable":true,"href":"https:\/\/www.professionearchitetto.it\/news\/es\/wp-json\/wp\/v2\/media\/13465"}],"wp:attachment":[{"href":"https:\/\/www.professionearchitetto.it\/news\/es\/wp-json\/wp\/v2\/media?parent=13464"}],"wp:term":[{"taxonomy":"category","embeddable":true,"href":"https:\/\/www.professionearchitetto.it\/news\/es\/wp-json\/wp\/v2\/categories?post=13464"},{"taxonomy":"post_tag","embeddable":true,"href":"https:\/\/www.professionearchitetto.it\/news\/es\/wp-json\/wp\/v2\/tags?post=13464"}],"curies":[{"name":"wp","href":"https:\/\/api.w.org\/{rel}","templated":true}]}}