{"id":13602,"date":"2002-11-15T01:58:07","date_gmt":"2002-11-15T00:58:07","guid":{"rendered":"http:\/\/w2.noticiasarquitectura.info\/china-central-television-cctv-beijing-rem-koolhaas\/"},"modified":"2002-11-15T01:58:07","modified_gmt":"2002-11-15T00:58:07","slug":"china-central-television-cctv-beijing-rem-koolhaas","status":"publish","type":"post","link":"https:\/\/www.professionearchitetto.it\/news\/es\/china-central-television-cctv-beijing-rem-koolhaas\/","title":{"rendered":"&#8216;China Central Television&#8217; (CCTV), Beijing, Rem Koolhaas"},"content":{"rendered":"<div class=\"testo_es\"><P>Algunas im\u00e1genes del proyecto de <A href=\"http:\/\/www.classic.archined.nl\/sites\/RemKoolhaas_sourcepage_e.html\" target=_blank>Rem Koolhaas<\/A> (OMA) para la sede del <A href=\"http:\/\/www.cctv.com\/\" target=_blank>&#8216;China Central Television&#8217; (CCTV)<\/A> en Beijing.<BR>Im\u00e1genes &gt; [<A href=\"http:\/\/www.kramdesign.com\/works\/architecture\/detail.php3?topicName=070_cctv\" target=_blank>1<\/A>] [<A href=\"http:\/\/www.crystalcg.com\/english\/images\/cctv.jpg\" target=_blank>2<\/A>] [<A href=\"http:\/\/www.crystalcg.com\/english\/project\/xuni\/1+.JPG\" target=_blank>3<\/A>] [<A href=\"http:\/\/www.crystalcg.com\/english\/4.html\" target=_blank>animaci\u00f3n<\/A>]<\/P><\/div>\n","protected":false},"excerpt":{"rendered":"<p>Algunas im\u00e1genes del proyecto de Rem Koolhaas (OMA) para la sede del &#8216;China Central Television&#8217; (CCTV) en Beijing.Im\u00e1genes &gt; [1] [2] [3] [animaci\u00f3n]<\/p>\n","protected":false},"author":1,"featured_media":13603,"comment_status":"open","ping_status":"open","sticky":false,"template":"","format":"standard","meta":{"footnotes":""},"categories":[4],"tags":[],"class_list":{"0":"post-13602","1":"post","2":"type-post","3":"status-publish","4":"format-standard","5":"has-post-thumbnail","7":"category-es"},"amp_enabled":true,"_links":{"self":[{"href":"https:\/\/www.professionearchitetto.it\/news\/es\/wp-json\/wp\/v2\/posts\/13602","targetHints":{"allow":["GET"]}}],"collection":[{"href":"https:\/\/www.professionearchitetto.it\/news\/es\/wp-json\/wp\/v2\/posts"}],"about":[{"href":"https:\/\/www.professionearchitetto.it\/news\/es\/wp-json\/wp\/v2\/types\/post"}],"author":[{"embeddable":true,"href":"https:\/\/www.professionearchitetto.it\/news\/es\/wp-json\/wp\/v2\/users\/1"}],"replies":[{"embeddable":true,"href":"https:\/\/www.professionearchitetto.it\/news\/es\/wp-json\/wp\/v2\/comments?post=13602"}],"version-history":[{"count":0,"href":"https:\/\/www.professionearchitetto.it\/news\/es\/wp-json\/wp\/v2\/posts\/13602\/revisions"}],"wp:featuredmedia":[{"embeddable":true,"href":"https:\/\/www.professionearchitetto.it\/news\/es\/wp-json\/wp\/v2\/media\/13603"}],"wp:attachment":[{"href":"https:\/\/www.professionearchitetto.it\/news\/es\/wp-json\/wp\/v2\/media?parent=13602"}],"wp:term":[{"taxonomy":"category","embeddable":true,"href":"https:\/\/www.professionearchitetto.it\/news\/es\/wp-json\/wp\/v2\/categories?post=13602"},{"taxonomy":"post_tag","embeddable":true,"href":"https:\/\/www.professionearchitetto.it\/news\/es\/wp-json\/wp\/v2\/tags?post=13602"}],"curies":[{"name":"wp","href":"https:\/\/api.w.org\/{rel}","templated":true}]}}