{"id":13724,"date":"2002-09-23T06:36:07","date_gmt":"2002-09-23T05:36:07","guid":{"rendered":"http:\/\/w2.noticiasarquitectura.info\/entrevista-a-paulo-mendes-da-rocha-3\/"},"modified":"2002-09-23T06:36:07","modified_gmt":"2002-09-23T05:36:07","slug":"entrevista-a-paulo-mendes-da-rocha-3","status":"publish","type":"post","link":"https:\/\/www.professionearchitetto.it\/news\/es\/entrevista-a-paulo-mendes-da-rocha-3\/","title":{"rendered":"Entrevista a Paulo Mendes da Rocha"},"content":{"rendered":"<div class=\"testo_es\"><P>Entrevista realizada a Paulo Mendes da Rocha (<A href=\"http:\/\/www.miesbcn.com\/Premiosesp032.htm\" target=_blank>Premio Mies van der Rohe, para la arquitectura Latinoamericana<\/A> del a\u00f1o 2000 por la obra de restauraci\u00f3n, reforma y adaptaci\u00f3n del edificio de la <A href=\"http:\/\/www.uol.com.br\/pinasp\/index.htm\" target=_blank>Pinacoteca del estado de S\u00e3o Paulo<\/A>) en su estudio de San Pablo (Brasil) [<A href=\"http:\/\/www.arqa.com\/noticias\/index.cfm?nro=3905&amp;pl=masinfo.cfm\" target=_blank>arqa.com<\/A>] <\/P><\/div>\n","protected":false},"excerpt":{"rendered":"<p>Entrevista realizada a Paulo Mendes da Rocha (Premio Mies van der Rohe, para la arquitectura Latinoamericana del a\u00f1o 2000 por la obra de restauraci\u00f3n, reforma y adaptaci\u00f3n del edificio de la Pinacoteca del estado de S\u00e3o Paulo) en su estudio de San Pablo (Brasil) [arqa.com]<\/p>\n","protected":false},"author":1,"featured_media":13725,"comment_status":"open","ping_status":"open","sticky":false,"template":"","format":"standard","meta":{"footnotes":""},"categories":[4],"tags":[],"class_list":{"0":"post-13724","1":"post","2":"type-post","3":"status-publish","4":"format-standard","5":"has-post-thumbnail","7":"category-es"},"amp_enabled":true,"_links":{"self":[{"href":"https:\/\/www.professionearchitetto.it\/news\/es\/wp-json\/wp\/v2\/posts\/13724","targetHints":{"allow":["GET"]}}],"collection":[{"href":"https:\/\/www.professionearchitetto.it\/news\/es\/wp-json\/wp\/v2\/posts"}],"about":[{"href":"https:\/\/www.professionearchitetto.it\/news\/es\/wp-json\/wp\/v2\/types\/post"}],"author":[{"embeddable":true,"href":"https:\/\/www.professionearchitetto.it\/news\/es\/wp-json\/wp\/v2\/users\/1"}],"replies":[{"embeddable":true,"href":"https:\/\/www.professionearchitetto.it\/news\/es\/wp-json\/wp\/v2\/comments?post=13724"}],"version-history":[{"count":0,"href":"https:\/\/www.professionearchitetto.it\/news\/es\/wp-json\/wp\/v2\/posts\/13724\/revisions"}],"wp:featuredmedia":[{"embeddable":true,"href":"https:\/\/www.professionearchitetto.it\/news\/es\/wp-json\/wp\/v2\/media\/13725"}],"wp:attachment":[{"href":"https:\/\/www.professionearchitetto.it\/news\/es\/wp-json\/wp\/v2\/media?parent=13724"}],"wp:term":[{"taxonomy":"category","embeddable":true,"href":"https:\/\/www.professionearchitetto.it\/news\/es\/wp-json\/wp\/v2\/categories?post=13724"},{"taxonomy":"post_tag","embeddable":true,"href":"https:\/\/www.professionearchitetto.it\/news\/es\/wp-json\/wp\/v2\/tags?post=13724"}],"curies":[{"name":"wp","href":"https:\/\/api.w.org\/{rel}","templated":true}]}}