{"id":13764,"date":"2002-08-19T01:14:32","date_gmt":"2002-08-19T00:14:32","guid":{"rendered":"http:\/\/w2.noticiasarquitectura.info\/mercedes-benz-museum-stuttgart-un-studio\/"},"modified":"2002-08-19T01:14:32","modified_gmt":"2002-08-19T00:14:32","slug":"mercedes-benz-museum-stuttgart-un-studio","status":"publish","type":"post","link":"https:\/\/www.professionearchitetto.it\/news\/es\/mercedes-benz-museum-stuttgart-un-studio\/","title":{"rendered":"Mercedes-Benz Museum, Stuttgart, UN Studio"},"content":{"rendered":"<div class=\"testo_es\"><P>El nuevo &#8216;Mercedes-Benz Museum&#8217; en Stuttgart (Alemania) dise\u00f1ado por <A href=\"http:\/\/www.unstudio.com\/\" target=_blank>UN Studio<\/A>, cubrir\u00e1 20.000 m2 en espacio para exhibiciones de la colecci\u00f3n hist\u00f3rica y actual de Mercedes-Benz, se prev\u00e9 su apertura para el 2006. M\u00e1s all\u00e1 de las salas de exposiciones, el museo constar\u00e1 con un restaurante, museo para ni\u00f1os y un cine. Con 450.000 visitantes, el museo Mercedes-Benz se convierte en el m\u00e1s visitado de Stuttgart.<BR>Im\u00e1genes del proyecto <A href=\"http:\/\/www.unstudio.com\/html\/proj\/merced1\/merc_all.htm\" target=_blank>&gt;&gt;&gt;<\/A><\/P>\r\n<P>Noticia relacionada &gt; <A href=\"http:\/\/www.faz.com\/IN\/INtemplates\/eFAZ\/archive.asp?doc=%7B76AD17EA-D0C3-47DB-A7B1-E625D77C02CA%7D&amp;width=800&amp;height=572&amp;agt=explorer&amp;ver=4&amp;svr=4\" target=_blank>Faz Net<\/A><\/P><\/div>\n","protected":false},"excerpt":{"rendered":"<p>El nuevo &#8216;Mercedes-Benz Museum&#8217; en Stuttgart (Alemania) dise\u00f1ado por UN Studio, cubrir\u00e1 20.000 m2 en espacio para exhibiciones de la colecci\u00f3n hist\u00f3rica y actual de Mercedes-Benz, se prev\u00e9 su apertura para el 2006. M\u00e1s all\u00e1 de las salas de exposiciones, el museo constar\u00e1 con un restaurante, museo para ni\u00f1os y un cine. Con 450.000 visitantes, [&hellip;]<\/p>\n","protected":false},"author":1,"featured_media":13765,"comment_status":"open","ping_status":"open","sticky":false,"template":"","format":"standard","meta":{"footnotes":""},"categories":[4],"tags":[],"class_list":{"0":"post-13764","1":"post","2":"type-post","3":"status-publish","4":"format-standard","5":"has-post-thumbnail","7":"category-es"},"amp_enabled":true,"_links":{"self":[{"href":"https:\/\/www.professionearchitetto.it\/news\/es\/wp-json\/wp\/v2\/posts\/13764","targetHints":{"allow":["GET"]}}],"collection":[{"href":"https:\/\/www.professionearchitetto.it\/news\/es\/wp-json\/wp\/v2\/posts"}],"about":[{"href":"https:\/\/www.professionearchitetto.it\/news\/es\/wp-json\/wp\/v2\/types\/post"}],"author":[{"embeddable":true,"href":"https:\/\/www.professionearchitetto.it\/news\/es\/wp-json\/wp\/v2\/users\/1"}],"replies":[{"embeddable":true,"href":"https:\/\/www.professionearchitetto.it\/news\/es\/wp-json\/wp\/v2\/comments?post=13764"}],"version-history":[{"count":0,"href":"https:\/\/www.professionearchitetto.it\/news\/es\/wp-json\/wp\/v2\/posts\/13764\/revisions"}],"wp:featuredmedia":[{"embeddable":true,"href":"https:\/\/www.professionearchitetto.it\/news\/es\/wp-json\/wp\/v2\/media\/13765"}],"wp:attachment":[{"href":"https:\/\/www.professionearchitetto.it\/news\/es\/wp-json\/wp\/v2\/media?parent=13764"}],"wp:term":[{"taxonomy":"category","embeddable":true,"href":"https:\/\/www.professionearchitetto.it\/news\/es\/wp-json\/wp\/v2\/categories?post=13764"},{"taxonomy":"post_tag","embeddable":true,"href":"https:\/\/www.professionearchitetto.it\/news\/es\/wp-json\/wp\/v2\/tags?post=13764"}],"curies":[{"name":"wp","href":"https:\/\/api.w.org\/{rel}","templated":true}]}}