{"id":13828,"date":"2002-07-09T17:32:52","date_gmt":"2002-07-09T16:32:52","guid":{"rendered":"http:\/\/w2.noticiasarquitectura.info\/piden-suspender-obras-en-museo-del-prado\/"},"modified":"2002-07-09T17:32:52","modified_gmt":"2002-07-09T16:32:52","slug":"piden-suspender-obras-en-museo-del-prado","status":"publish","type":"post","link":"https:\/\/www.professionearchitetto.it\/news\/es\/piden-suspender-obras-en-museo-del-prado\/","title":{"rendered":"Piden suspender obras en Museo del Prado."},"content":{"rendered":"<div class=\"testo_es\"><P>Vecinos del barrio de los Jer\u00f3nimos de Madrid, aseguran que los trabajos de ampliaci\u00f3n del recinto est\u00e1n da\u00f1ando una iglesia del Siglo 17. [<A href=\"http:\/\/www.reforma.com\/cultura\/articulo\/209520\/\" target=_blank>reforma.com<\/A>]<BR>M\u00e1s informaci\u00f3n sobre la ampliaci\u00f3n del <A href=\"http:\/\/museoprado.mcu.es\/prado\/html\/home.html\" target=_blank>Museo del Prado<\/A> obra del arquitecto <A href=\"http:\/\/www.datarq.fadu.uba.ar\/datarq\/arq\/moneo\/homepage.html\" target=_blank>Rafael Moneo<\/A> &gt; <A href=\"http:\/\/www.elmundo.es\/elmundo\/2001\/graficos\/marzo\/semana3\/prado.html\" target=_blank>elmundo.es<\/A><\/P><\/div>\n","protected":false},"excerpt":{"rendered":"<p>Vecinos del barrio de los Jer\u00f3nimos de Madrid, aseguran que los trabajos de ampliaci\u00f3n del recinto est\u00e1n da\u00f1ando una iglesia del Siglo 17. [reforma.com]M\u00e1s informaci\u00f3n sobre la ampliaci\u00f3n del Museo del Prado obra del arquitecto Rafael Moneo &gt; elmundo.es<\/p>\n","protected":false},"author":1,"featured_media":13829,"comment_status":"open","ping_status":"open","sticky":false,"template":"","format":"standard","meta":{"footnotes":""},"categories":[4],"tags":[],"class_list":{"0":"post-13828","1":"post","2":"type-post","3":"status-publish","4":"format-standard","5":"has-post-thumbnail","7":"category-es"},"amp_enabled":true,"_links":{"self":[{"href":"https:\/\/www.professionearchitetto.it\/news\/es\/wp-json\/wp\/v2\/posts\/13828","targetHints":{"allow":["GET"]}}],"collection":[{"href":"https:\/\/www.professionearchitetto.it\/news\/es\/wp-json\/wp\/v2\/posts"}],"about":[{"href":"https:\/\/www.professionearchitetto.it\/news\/es\/wp-json\/wp\/v2\/types\/post"}],"author":[{"embeddable":true,"href":"https:\/\/www.professionearchitetto.it\/news\/es\/wp-json\/wp\/v2\/users\/1"}],"replies":[{"embeddable":true,"href":"https:\/\/www.professionearchitetto.it\/news\/es\/wp-json\/wp\/v2\/comments?post=13828"}],"version-history":[{"count":0,"href":"https:\/\/www.professionearchitetto.it\/news\/es\/wp-json\/wp\/v2\/posts\/13828\/revisions"}],"wp:featuredmedia":[{"embeddable":true,"href":"https:\/\/www.professionearchitetto.it\/news\/es\/wp-json\/wp\/v2\/media\/13829"}],"wp:attachment":[{"href":"https:\/\/www.professionearchitetto.it\/news\/es\/wp-json\/wp\/v2\/media?parent=13828"}],"wp:term":[{"taxonomy":"category","embeddable":true,"href":"https:\/\/www.professionearchitetto.it\/news\/es\/wp-json\/wp\/v2\/categories?post=13828"},{"taxonomy":"post_tag","embeddable":true,"href":"https:\/\/www.professionearchitetto.it\/news\/es\/wp-json\/wp\/v2\/tags?post=13828"}],"curies":[{"name":"wp","href":"https:\/\/api.w.org\/{rel}","templated":true}]}}