{"id":13832,"date":"2002-07-08T02:05:23","date_gmt":"2002-07-08T01:05:23","guid":{"rendered":"http:\/\/w2.noticiasarquitectura.info\/hydra-pier-haarlemmermeer-holanda-asymptote\/"},"modified":"2002-07-08T02:05:23","modified_gmt":"2002-07-08T01:05:23","slug":"hydra-pier-haarlemmermeer-holanda-asymptote","status":"publish","type":"post","link":"https:\/\/www.professionearchitetto.it\/news\/es\/hydra-pier-haarlemmermeer-holanda-asymptote\/","title":{"rendered":"Hydra Pier, Haarlemmermeer (Holanda), Asymptote"},"content":{"rendered":"<div class=\"testo_es\"><P>Informaci\u00f3n e im\u00e1genes del Hydra Pier, pabell\u00f3n municipal dise\u00f1ado por <A href=\"http:\/\/www.asymptote.net\/\" target=_blank>Asymptote<\/A>, ubicado en la ciudad de Haarlemmermeer (Holanda). [<A href=\"http:\/\/www.arcspace.com\/architects\/asymptote\/Hydra\/index.htm\" target=_blank>arcspace 08\/07\/02<\/A>]<\/P><\/div>\n","protected":false},"excerpt":{"rendered":"<p>Informaci\u00f3n e im\u00e1genes del Hydra Pier, pabell\u00f3n municipal dise\u00f1ado por Asymptote, ubicado en la ciudad de Haarlemmermeer (Holanda). [arcspace 08\/07\/02]<\/p>\n","protected":false},"author":1,"featured_media":13833,"comment_status":"open","ping_status":"open","sticky":false,"template":"","format":"standard","meta":{"footnotes":""},"categories":[4],"tags":[],"class_list":{"0":"post-13832","1":"post","2":"type-post","3":"status-publish","4":"format-standard","5":"has-post-thumbnail","7":"category-es"},"amp_enabled":true,"_links":{"self":[{"href":"https:\/\/www.professionearchitetto.it\/news\/es\/wp-json\/wp\/v2\/posts\/13832","targetHints":{"allow":["GET"]}}],"collection":[{"href":"https:\/\/www.professionearchitetto.it\/news\/es\/wp-json\/wp\/v2\/posts"}],"about":[{"href":"https:\/\/www.professionearchitetto.it\/news\/es\/wp-json\/wp\/v2\/types\/post"}],"author":[{"embeddable":true,"href":"https:\/\/www.professionearchitetto.it\/news\/es\/wp-json\/wp\/v2\/users\/1"}],"replies":[{"embeddable":true,"href":"https:\/\/www.professionearchitetto.it\/news\/es\/wp-json\/wp\/v2\/comments?post=13832"}],"version-history":[{"count":0,"href":"https:\/\/www.professionearchitetto.it\/news\/es\/wp-json\/wp\/v2\/posts\/13832\/revisions"}],"wp:featuredmedia":[{"embeddable":true,"href":"https:\/\/www.professionearchitetto.it\/news\/es\/wp-json\/wp\/v2\/media\/13833"}],"wp:attachment":[{"href":"https:\/\/www.professionearchitetto.it\/news\/es\/wp-json\/wp\/v2\/media?parent=13832"}],"wp:term":[{"taxonomy":"category","embeddable":true,"href":"https:\/\/www.professionearchitetto.it\/news\/es\/wp-json\/wp\/v2\/categories?post=13832"},{"taxonomy":"post_tag","embeddable":true,"href":"https:\/\/www.professionearchitetto.it\/news\/es\/wp-json\/wp\/v2\/tags?post=13832"}],"curies":[{"name":"wp","href":"https:\/\/api.w.org\/{rel}","templated":true}]}}