{"id":13882,"date":"2002-06-10T01:09:51","date_gmt":"2002-06-10T00:09:51","guid":{"rendered":"http:\/\/w2.noticiasarquitectura.info\/akron-art-museum-coop-himmelblau-2\/"},"modified":"2002-06-10T01:09:51","modified_gmt":"2002-06-10T00:09:51","slug":"akron-art-museum-coop-himmelblau-2","status":"publish","type":"post","link":"https:\/\/www.professionearchitetto.it\/news\/es\/akron-art-museum-coop-himmelblau-2\/","title":{"rendered":"Akron Art Museum, Coop Himmelb(l)au"},"content":{"rendered":"<div class=\"testo_es\"><P>En septiembre de 2001 <A href=\"http:\/\/www.coophimmelblau.at\/\" target=_blank>Coop Himmelb(l)au<\/A> gan\u00f3 el concurso organizado por el <A href=\"http:\/\/www.akronartmuseum.org\/\" target=_blank>Akron Art Museum<\/A> (Ohio, EE.UU.) para el dise\u00f1o de su ampliaci\u00f3n, la cual ser\u00e1 inaugurada en el 2003. [<A href=\"http:\/\/www.arcspace.com\/architects\/coop_himelblau\/Akron\/index.htm\" target=_blank>arcspace 10\/06\/02<\/A>]<\/P><\/div>\n","protected":false},"excerpt":{"rendered":"<p>En septiembre de 2001 Coop Himmelb(l)au gan\u00f3 el concurso organizado por el Akron Art Museum (Ohio, EE.UU.) para el dise\u00f1o de su ampliaci\u00f3n, la cual ser\u00e1 inaugurada en el 2003. [arcspace 10\/06\/02]<\/p>\n","protected":false},"author":1,"featured_media":13883,"comment_status":"open","ping_status":"open","sticky":false,"template":"","format":"standard","meta":{"footnotes":""},"categories":[4],"tags":[],"class_list":{"0":"post-13882","1":"post","2":"type-post","3":"status-publish","4":"format-standard","5":"has-post-thumbnail","7":"category-es"},"amp_enabled":true,"_links":{"self":[{"href":"https:\/\/www.professionearchitetto.it\/news\/es\/wp-json\/wp\/v2\/posts\/13882","targetHints":{"allow":["GET"]}}],"collection":[{"href":"https:\/\/www.professionearchitetto.it\/news\/es\/wp-json\/wp\/v2\/posts"}],"about":[{"href":"https:\/\/www.professionearchitetto.it\/news\/es\/wp-json\/wp\/v2\/types\/post"}],"author":[{"embeddable":true,"href":"https:\/\/www.professionearchitetto.it\/news\/es\/wp-json\/wp\/v2\/users\/1"}],"replies":[{"embeddable":true,"href":"https:\/\/www.professionearchitetto.it\/news\/es\/wp-json\/wp\/v2\/comments?post=13882"}],"version-history":[{"count":0,"href":"https:\/\/www.professionearchitetto.it\/news\/es\/wp-json\/wp\/v2\/posts\/13882\/revisions"}],"wp:featuredmedia":[{"embeddable":true,"href":"https:\/\/www.professionearchitetto.it\/news\/es\/wp-json\/wp\/v2\/media\/13883"}],"wp:attachment":[{"href":"https:\/\/www.professionearchitetto.it\/news\/es\/wp-json\/wp\/v2\/media?parent=13882"}],"wp:term":[{"taxonomy":"category","embeddable":true,"href":"https:\/\/www.professionearchitetto.it\/news\/es\/wp-json\/wp\/v2\/categories?post=13882"},{"taxonomy":"post_tag","embeddable":true,"href":"https:\/\/www.professionearchitetto.it\/news\/es\/wp-json\/wp\/v2\/tags?post=13882"}],"curies":[{"name":"wp","href":"https:\/\/api.w.org\/{rel}","templated":true}]}}