{"id":13902,"date":"2002-06-01T06:51:39","date_gmt":"2002-06-01T05:51:39","guid":{"rendered":"http:\/\/w2.noticiasarquitectura.info\/gaudi-puede-reemplazar-el-wtc\/"},"modified":"2002-06-01T06:51:39","modified_gmt":"2002-06-01T05:51:39","slug":"gaudi-puede-reemplazar-el-wtc","status":"publish","type":"post","link":"https:\/\/www.professionearchitetto.it\/news\/es\/gaudi-puede-reemplazar-el-wtc\/","title":{"rendered":"Gaud\u00ed puede reemplazar el WTC"},"content":{"rendered":"<div class=\"testo_es\"><P>El <A href=\"http:\/\/www.hotelattraction.com\/\" target=_blank>hotel Attraction<\/A> es el proyecto de un gran rascacielos de 360 metros para Nueva York que al parecer <A href=\"http:\/\/www.ctv.es\/USERS\/ags\/GAUDI.htm\" target=_blank>Gaud\u00ed<\/A> ide\u00f3 vagamente en 1908, por encargo de un grupo de empresarios norteamericanos, y que, aunque no lleg\u00f3 a buen puerto, fue desarrollado por su disc\u00edpulo Juan Matamala en los a\u00f1os 50. [<A href=\"http:\/\/www.lavanguardia.es\/web\/20020531\/30016893.html\" target=_blank>La Vanguardia 31\/05\/02<\/A>]<BR>M\u00e1s informaci\u00f3n: <A href=\"http:\/\/www2.uol.com.br\/super\/aberta\/gaudi\/espanhol.html\" target=_blank>Super Interessante on line<\/A><\/P><\/div>\n","protected":false},"excerpt":{"rendered":"<p>El hotel Attraction es el proyecto de un gran rascacielos de 360 metros para Nueva York que al parecer Gaud\u00ed ide\u00f3 vagamente en 1908, por encargo de un grupo de empresarios norteamericanos, y que, aunque no lleg\u00f3 a buen puerto, fue desarrollado por su disc\u00edpulo Juan Matamala en los a\u00f1os 50. [La Vanguardia 31\/05\/02]M\u00e1s informaci\u00f3n: [&hellip;]<\/p>\n","protected":false},"author":1,"featured_media":13903,"comment_status":"open","ping_status":"open","sticky":false,"template":"","format":"standard","meta":{"footnotes":""},"categories":[4],"tags":[],"class_list":{"0":"post-13902","1":"post","2":"type-post","3":"status-publish","4":"format-standard","5":"has-post-thumbnail","7":"category-es"},"amp_enabled":true,"_links":{"self":[{"href":"https:\/\/www.professionearchitetto.it\/news\/es\/wp-json\/wp\/v2\/posts\/13902","targetHints":{"allow":["GET"]}}],"collection":[{"href":"https:\/\/www.professionearchitetto.it\/news\/es\/wp-json\/wp\/v2\/posts"}],"about":[{"href":"https:\/\/www.professionearchitetto.it\/news\/es\/wp-json\/wp\/v2\/types\/post"}],"author":[{"embeddable":true,"href":"https:\/\/www.professionearchitetto.it\/news\/es\/wp-json\/wp\/v2\/users\/1"}],"replies":[{"embeddable":true,"href":"https:\/\/www.professionearchitetto.it\/news\/es\/wp-json\/wp\/v2\/comments?post=13902"}],"version-history":[{"count":0,"href":"https:\/\/www.professionearchitetto.it\/news\/es\/wp-json\/wp\/v2\/posts\/13902\/revisions"}],"wp:featuredmedia":[{"embeddable":true,"href":"https:\/\/www.professionearchitetto.it\/news\/es\/wp-json\/wp\/v2\/media\/13903"}],"wp:attachment":[{"href":"https:\/\/www.professionearchitetto.it\/news\/es\/wp-json\/wp\/v2\/media?parent=13902"}],"wp:term":[{"taxonomy":"category","embeddable":true,"href":"https:\/\/www.professionearchitetto.it\/news\/es\/wp-json\/wp\/v2\/categories?post=13902"},{"taxonomy":"post_tag","embeddable":true,"href":"https:\/\/www.professionearchitetto.it\/news\/es\/wp-json\/wp\/v2\/tags?post=13902"}],"curies":[{"name":"wp","href":"https:\/\/api.w.org\/{rel}","templated":true}]}}