{"id":13938,"date":"2002-05-15T12:16:53","date_gmt":"2002-05-15T11:16:53","guid":{"rendered":"http:\/\/w2.noticiasarquitectura.info\/balcon-urbano-para-mirar-la-ciudad\/"},"modified":"2002-05-15T12:16:53","modified_gmt":"2002-05-15T11:16:53","slug":"balcon-urbano-para-mirar-la-ciudad","status":"publish","type":"post","link":"https:\/\/www.professionearchitetto.it\/news\/es\/balcon-urbano-para-mirar-la-ciudad\/","title":{"rendered":"Balc\u00f3n urbano para mirar la ciudad"},"content":{"rendered":"<div class=\"testo_es\"><P>Un proyecto del estudio <A href=\"http:\/\/www.overture.com\/d\/search\/p\/befree\/?Promo=befree00383645145568654994&amp;Keywords=BUS+ARCHITEKTUR&amp;Go=Go&amp;Promo=befree\" target=_blank>Bus Architektur<\/A>. Arquitectos argentinos ganaron un premio para refuncionalizar una zona hist\u00f3rica de Viena. Proyectaron un hotel, oficinas y viviendas con espacio p\u00fablico. [<A href=\"http:\/\/www.arquitectura.clarin.com\/suplementos\/arquitectura\/2002\/05\/13\/a-00401.htm\" target=_blank>Clar\u00edn 13\/05\/02<\/A>]<\/P><\/div>\n","protected":false},"excerpt":{"rendered":"<p>Un proyecto del estudio Bus Architektur. Arquitectos argentinos ganaron un premio para refuncionalizar una zona hist\u00f3rica de Viena. Proyectaron un hotel, oficinas y viviendas con espacio p\u00fablico. [Clar\u00edn 13\/05\/02]<\/p>\n","protected":false},"author":1,"featured_media":13939,"comment_status":"open","ping_status":"open","sticky":false,"template":"","format":"standard","meta":{"footnotes":""},"categories":[4],"tags":[],"class_list":{"0":"post-13938","1":"post","2":"type-post","3":"status-publish","4":"format-standard","5":"has-post-thumbnail","7":"category-es"},"amp_enabled":true,"_links":{"self":[{"href":"https:\/\/www.professionearchitetto.it\/news\/es\/wp-json\/wp\/v2\/posts\/13938","targetHints":{"allow":["GET"]}}],"collection":[{"href":"https:\/\/www.professionearchitetto.it\/news\/es\/wp-json\/wp\/v2\/posts"}],"about":[{"href":"https:\/\/www.professionearchitetto.it\/news\/es\/wp-json\/wp\/v2\/types\/post"}],"author":[{"embeddable":true,"href":"https:\/\/www.professionearchitetto.it\/news\/es\/wp-json\/wp\/v2\/users\/1"}],"replies":[{"embeddable":true,"href":"https:\/\/www.professionearchitetto.it\/news\/es\/wp-json\/wp\/v2\/comments?post=13938"}],"version-history":[{"count":0,"href":"https:\/\/www.professionearchitetto.it\/news\/es\/wp-json\/wp\/v2\/posts\/13938\/revisions"}],"wp:featuredmedia":[{"embeddable":true,"href":"https:\/\/www.professionearchitetto.it\/news\/es\/wp-json\/wp\/v2\/media\/13939"}],"wp:attachment":[{"href":"https:\/\/www.professionearchitetto.it\/news\/es\/wp-json\/wp\/v2\/media?parent=13938"}],"wp:term":[{"taxonomy":"category","embeddable":true,"href":"https:\/\/www.professionearchitetto.it\/news\/es\/wp-json\/wp\/v2\/categories?post=13938"},{"taxonomy":"post_tag","embeddable":true,"href":"https:\/\/www.professionearchitetto.it\/news\/es\/wp-json\/wp\/v2\/tags?post=13938"}],"curies":[{"name":"wp","href":"https:\/\/api.w.org\/{rel}","templated":true}]}}