{"id":14360,"date":"2013-08-10T23:41:16","date_gmt":"2013-08-10T22:41:16","guid":{"rendered":"https:\/\/noticiasarquitectura.info\/?p=14360"},"modified":"2013-08-10T23:41:16","modified_gmt":"2013-08-10T22:41:16","slug":"argentina-americano-del-sud-giro-2013","status":"publish","type":"post","link":"https:\/\/www.professionearchitetto.it\/news\/es\/argentina-americano-del-sud-giro-2013\/","title":{"rendered":"Argentina: America(no) del Sud giro 2013"},"content":{"rendered":"<p><img loading=\"lazy\" decoding=\"async\" class=\"alignnone size-full wp-image-14361\" alt=\"Argentina: America(no) del Sud giro 2013\" src=\"https:\/\/noticiasarquitectura.info\/wp-content\/uploads\/2013\/08\/americanodelsud2013_640.jpg\" width=\"640\" height=\"639\" srcset=\"https:\/\/www.professionearchitetto.it\/up\/nfw\/2013\/08\/americanodelsud2013_640.jpg 640w, https:\/\/www.professionearchitetto.it\/up\/nfw\/2013\/08\/americanodelsud2013_640-330x329.jpg 330w\" sizes=\"auto, (max-width: 640px) 100vw, 640px\" \/><\/p>\r\n<p>\u00bfAlguien se hubiera imaginado a los arquitectos <a href=\"http:\/\/alejandroaravena.com\/\" target=\"_blank\">Alejandro Aravena<\/a> (Chile), <a href=\"https:\/\/es-es.facebook.com\/pages\/Solano-Ben\u00c3\u00adtez\/156019654410243\" target=\"_blank\"> Solano Ben\u00edtez<\/a> (Paraguay), <a href=\"http:\/\/www.spbr.arq.br\/\" target=\"_blank\"> Angelo Bucci<\/a> (Brasil), Rafael Iglesia (Argentina), <a href=\"http:\/\/www.arqsaez.com\/\" target=\"_blank\">Jos\u00e9 Mar\u00eda Saez<\/a> (Ecuador) y <a href=\"http:\/\/www.x-arquitectos.com.ar\/ricardo.html\" target=\"_blank\">Ricardo Sargiotti<\/a> (Argentina), todos juntos, recorriendo en micro diferentes ciudades de Argentina? Esto que a primera vista parec\u00eda imposible se va a concretar. La Fundaci\u00f3n EN OBRAS de Rosario -cuyos fundadores son Silvana Codina y Mario Corea- los reuni\u00f3 en un proyecto denominado America(no) del Sud giro 2013.<br \/>En esta primera presentaci\u00f3n, los arquitectos estar\u00e1n en tres ciudades del pa\u00eds: Tucum\u00e1n, C\u00f3rdoba y La Plata, los d\u00edas 2,4 y 6 de septiembre respectivamente. <br \/>El objetivo es recaudar fondos para continuar una tarea que sostendr\u00e1 en el tiempo, y para esto llevar\u00e1n adelante \u00abconversatorios\u00bb, es decir una serie de charlas entre ellos con presencia del p\u00fablico en diferentes auditorios. otros de los objetivos es consolidar este gruipo de arquitectos para llevar adelante nuevas acciones en el futuro.<br \/>El America(no) del Sud giro 2013 est\u00e1 organizado como una actividad cultural destinada a acciones de promoci\u00f3n de los valores constitutivos de la Fundaci\u00f3n Obras y a la recaudaci\u00f3n de fondos a ser aplicados en la elaboraci\u00f3n de proyectos ajenos al \u00e1mbito financiero y comprometidos con la expansi\u00f3n disciplinar.Adem\u00e1s de esta recorrida, otra de las acciones de la Fundaci\u00f3n es la contrataci\u00f3n del arquitecto Rafael Iglesia como primer proyectista de la fundaci\u00f3n. <br \/>Esta acci\u00f3n se ir\u00e1 expandiendo en otras del mismo tenor en el futuro.<\/p>\r\n<p>M\u00e1s informaci\u00f3n &gt; <a href=\"https:\/\/www.facebook.com\/pages\/americano-del-sud\/493612890726036\" target=\"_blank\"> facebook\/americano del sud<\/a><\/p>\r\n<p>via &gt; <a href=\"http:\/\/arq.clarin.com\/arquitectura\/grandes-gira-pais_0_967103772.html\" target=\"_blank\">ARQ-Clar\u00edn.com<\/a><\/p>","protected":false},"excerpt":{"rendered":"<p>\u00bfAlguien se hubiera imaginado a los arquitectos Alejandro Aravena (Chile), Solano Ben\u00edtez (Paraguay), Angelo Bucci (Brasil), Rafael Iglesia (Argentina), Jos\u00e9 Mar\u00eda Saez (Ecuador) y Ricardo Sargiotti (Argentina), todos juntos, recorriendo en micro diferentes ciudades de Argentina? Esto que a primera vista parec\u00eda imposible se va a concretar. La Fundaci\u00f3n EN OBRAS de Rosario -cuyos fundadores [&hellip;]<\/p>\n","protected":false},"author":2,"featured_media":14362,"comment_status":"open","ping_status":"open","sticky":false,"template":"","format":"standard","meta":{"footnotes":""},"categories":[4],"tags":[560,1223,34,1222,1124,1221,1220],"class_list":{"0":"post-14360","1":"post","2":"type-post","3":"status-publish","4":"format-standard","5":"has-post-thumbnail","7":"category-es","8":"tag-alejandro-aravena","9":"tag-angelo-bucci","10":"tag-argentina","11":"tag-jose-maria-saez","12":"tag-rafael-iglesia","13":"tag-ricardo-sargiotti","14":"tag-solano-benitez"},"amp_enabled":true,"_links":{"self":[{"href":"https:\/\/www.professionearchitetto.it\/news\/es\/wp-json\/wp\/v2\/posts\/14360","targetHints":{"allow":["GET"]}}],"collection":[{"href":"https:\/\/www.professionearchitetto.it\/news\/es\/wp-json\/wp\/v2\/posts"}],"about":[{"href":"https:\/\/www.professionearchitetto.it\/news\/es\/wp-json\/wp\/v2\/types\/post"}],"author":[{"embeddable":true,"href":"https:\/\/www.professionearchitetto.it\/news\/es\/wp-json\/wp\/v2\/users\/2"}],"replies":[{"embeddable":true,"href":"https:\/\/www.professionearchitetto.it\/news\/es\/wp-json\/wp\/v2\/comments?post=14360"}],"version-history":[{"count":0,"href":"https:\/\/www.professionearchitetto.it\/news\/es\/wp-json\/wp\/v2\/posts\/14360\/revisions"}],"wp:featuredmedia":[{"embeddable":true,"href":"https:\/\/www.professionearchitetto.it\/news\/es\/wp-json\/wp\/v2\/media\/14362"}],"wp:attachment":[{"href":"https:\/\/www.professionearchitetto.it\/news\/es\/wp-json\/wp\/v2\/media?parent=14360"}],"wp:term":[{"taxonomy":"category","embeddable":true,"href":"https:\/\/www.professionearchitetto.it\/news\/es\/wp-json\/wp\/v2\/categories?post=14360"},{"taxonomy":"post_tag","embeddable":true,"href":"https:\/\/www.professionearchitetto.it\/news\/es\/wp-json\/wp\/v2\/tags?post=14360"}],"curies":[{"name":"wp","href":"https:\/\/api.w.org\/{rel}","templated":true}]}}