{"id":14465,"date":"2013-08-30T02:25:06","date_gmt":"2013-08-30T01:25:06","guid":{"rendered":"https:\/\/noticiasarquitectura.info\/?p=14465"},"modified":"2013-08-30T02:25:06","modified_gmt":"2013-08-30T01:25:06","slug":"brasil-jardim-edith-sao-paulo-mmbb-hf","status":"publish","type":"post","link":"https:\/\/www.professionearchitetto.it\/news\/es\/brasil-jardim-edith-sao-paulo-mmbb-hf\/","title":{"rendered":"Brasil: Jardim Edith, S\u00e3o Paulo &#8211; MMBB + H+F"},"content":{"rendered":"<figure id=\"attachment_14467\" aria-describedby=\"caption-attachment-14467\" style=\"width: 640px\" class=\"wp-caption alignnone\"><a title=\"Brasil: Jardim Edith, S\u00e3o Paulo - MMBB + H+F\" href=\"http:\/\/www.domusweb.it\/en\/architecture\/2013\/08\/29\/jardim_edith.html\" target=\"_blank\"><img loading=\"lazy\" decoding=\"async\" class=\" wp-image-14467\" title=\"Brasil: Jardim Edith, S\u00e3o Paulo - MMBB + H+F\" alt=\"Brasil: Jardim Edith, S\u00e3o Paulo - MMBB + H+F\" src=\"https:\/\/noticiasarquitectura.info\/wp-content\/uploads\/2013\/08\/Jardin_Edith_640.jpg\" width=\"640\" height=\"583\" srcset=\"https:\/\/www.professionearchitetto.it\/up\/nfw\/2013\/08\/Jardin_Edith_640.jpg 640w, https:\/\/www.professionearchitetto.it\/up\/nfw\/2013\/08\/Jardin_Edith_640-330x300.jpg 330w\" sizes=\"auto, (max-width: 640px) 100vw, 640px\" \/><\/a><figcaption id=\"caption-attachment-14467\" class=\"wp-caption-text\">Foto: Nelson Kon<\/figcaption><\/figure>\r\n<p>Brasil &gt; El proyecto para el Jardim Edith, conjunto de viviendas dise\u00f1adas por <a href=\"http:\/\/www.mmbb.com.br\" target=\"_blank\">MMBB<\/a> (Fernando de Mello Franco, Marta Moreira, Milton Braga) + <a href=\"http:\/\/www.hf.arq.br\" target=\"_blank\">H+F<\/a> (Eduardo Ferroni, Pablo Here\u00f1\u00fa) en S\u00e3o Paulo, cuenta la historia de como una asociaci\u00f3n rescata la identidad de una zona residencial amenazada&#8230;.[<a href=\"http:\/\/www.domusweb.it\/en\/architecture\/2013\/08\/29\/jardim_edith.html\" target=\"_blank\">Domus<\/a>]<\/p>","protected":false},"excerpt":{"rendered":"<p>Brasil &gt; El proyecto para el Jardim Edith, conjunto de viviendas dise\u00f1adas por MMBB (Fernando de Mello Franco, Marta Moreira, Milton Braga) + H+F (Eduardo Ferroni, Pablo Here\u00f1\u00fa) en S\u00e3o Paulo, cuenta la historia de como una asociaci\u00f3n rescata la identidad de una zona residencial amenazada&#8230;.[Domus]<\/p>\n","protected":false},"author":2,"featured_media":14466,"comment_status":"open","ping_status":"open","sticky":false,"template":"","format":"standard","meta":{"footnotes":""},"categories":[4],"tags":[83,1239,126,12],"class_list":{"0":"post-14465","1":"post","2":"type-post","3":"status-publish","4":"format-standard","5":"has-post-thumbnail","7":"category-es","8":"tag-brasil","9":"tag-hf","10":"tag-mmbb-arquitetos-brasil","11":"tag-vivienda"},"amp_enabled":true,"_links":{"self":[{"href":"https:\/\/www.professionearchitetto.it\/news\/es\/wp-json\/wp\/v2\/posts\/14465","targetHints":{"allow":["GET"]}}],"collection":[{"href":"https:\/\/www.professionearchitetto.it\/news\/es\/wp-json\/wp\/v2\/posts"}],"about":[{"href":"https:\/\/www.professionearchitetto.it\/news\/es\/wp-json\/wp\/v2\/types\/post"}],"author":[{"embeddable":true,"href":"https:\/\/www.professionearchitetto.it\/news\/es\/wp-json\/wp\/v2\/users\/2"}],"replies":[{"embeddable":true,"href":"https:\/\/www.professionearchitetto.it\/news\/es\/wp-json\/wp\/v2\/comments?post=14465"}],"version-history":[{"count":0,"href":"https:\/\/www.professionearchitetto.it\/news\/es\/wp-json\/wp\/v2\/posts\/14465\/revisions"}],"wp:featuredmedia":[{"embeddable":true,"href":"https:\/\/www.professionearchitetto.it\/news\/es\/wp-json\/wp\/v2\/media\/14466"}],"wp:attachment":[{"href":"https:\/\/www.professionearchitetto.it\/news\/es\/wp-json\/wp\/v2\/media?parent=14465"}],"wp:term":[{"taxonomy":"category","embeddable":true,"href":"https:\/\/www.professionearchitetto.it\/news\/es\/wp-json\/wp\/v2\/categories?post=14465"},{"taxonomy":"post_tag","embeddable":true,"href":"https:\/\/www.professionearchitetto.it\/news\/es\/wp-json\/wp\/v2\/tags?post=14465"}],"curies":[{"name":"wp","href":"https:\/\/api.w.org\/{rel}","templated":true}]}}