{"id":16189,"date":"2014-04-10T21:53:40","date_gmt":"2014-04-10T20:53:40","guid":{"rendered":"https:\/\/noticiasarquitectura.info\/?p=16189"},"modified":"2014-04-10T21:53:40","modified_gmt":"2014-04-10T20:53:40","slug":"espana-casa-cuna-lorqui-aqso-arquitectos-office","status":"publish","type":"post","link":"https:\/\/www.professionearchitetto.it\/news\/es\/espana-casa-cuna-lorqui-aqso-arquitectos-office\/","title":{"rendered":"Espa\u00f1a: Casa Cu\u00f1a, Lorqui &#8211; AQSO arquitectos office"},"content":{"rendered":"<figure id=\"attachment_16190\" aria-describedby=\"caption-attachment-16190\" style=\"width: 640px\" class=\"wp-caption alignnone\"><img loading=\"lazy\" decoding=\"async\" class=\" wp-image-16190\" alt=\"Espa\u00f1a: Casa Cu\u00f1a, Lorqui - AQSO arquitectos office\" src=\"https:\/\/noticiasarquitectura.info\/wp-content\/uploads\/2014\/04\/AQSO_Casa_Cu\u00f1a_640.jpg\" width=\"640\" height=\"389\" srcset=\"https:\/\/www.professionearchitetto.it\/up\/nfw\/2014\/04\/AQSO_Casa_Cu\u00f1a_640.jpg 640w, https:\/\/www.professionearchitetto.it\/up\/nfw\/2014\/04\/AQSO_Casa_Cu\u00f1a_640-330x200.jpg 330w\" sizes=\"auto, (max-width: 640px) 100vw, 640px\" \/><figcaption id=\"caption-attachment-16190\" class=\"wp-caption-text\">Foto: AQSO arquitectos office<\/figcaption><\/figure>\r\n<p><em>Memoria de los autores<\/em><\/p>\r\n<p>La vivienda se sit\u00faa en <a href=\"http:\/\/es.wikipedia.org\/wiki\/Lorqu\u00ed\" target=\"_blank\">Lorqu\u00ed<\/a>, una peque\u00f1a ciudad del sur de Espa\u00f1a rodeada de un paisaje formado por colinas erosionadas conocido como los Montes Blancos.La forma ascendente de la casa dibuja un alzado triangular que incide sobre el terreno para capturar las vistas de la vega del r\u00edo Segura.<br \/>El espacio dom\u00e9stico tiene una organizaci\u00f3n sencilla en torno a un amplio sal\u00f3n de doble altura que desciende en su parte posterior para albergar la cocina y la zona de servicios. La zona m\u00e1s alta de la casa cuenta con un bajo cubierta donde se sit\u00faa el dormitorio principal. La escalera de acceso, formada por una losa quebrada de hormig\u00f3n visto, culmina en un balc\u00f3n interior con vistas hacia el sal\u00f3n que sirve como espacio de oficina.<br \/>La planta baja se abre lateralmente al jard\u00edn a trav\u00e9s de un amplio ventanal, mientras la planta superior cuenta con una terraza semicubierta. Los colores claros, propios de la arquitectura tradicional de zonas soleadas, identifican el interior y exterior de la casa. El mortero de la fachada, las carpinter\u00edas y las paredes interiores consiguen un espacio luminoso en el que s\u00f3lo contrastan los suelos de tarima de madera gris\u00e1cea y un muro de travertino de color crema que cierra y ampara la puerta de entrada.<br \/>El sistema constructivo de la vivienda se basa en una estructura porticada de hormig\u00f3n armado y cerramientos de termoarcilla. La cubierta est\u00e1 formada por una losa de hormig\u00f3n impermeabilizada sobre la que se sit\u00faa un panel s\u00e1ndwich protector.<\/p>\r\n<p>Im\u00e1genes gentileza &gt; <a href=\"http:\/\/aqso.net\/\" target=\"_blank\">AQSO arquitectos office<\/a><\/p>\r\n<div id='gallery-1' class='gallery galleryid-16189 gallery-columns-3 gallery-size-thumbnail'><figure class='gallery-item'>\n\t\t\t<div class='gallery-icon landscape'>\n\t\t\t\t<a href='https:\/\/www.professionearchitetto.it\/up\/nfw\/2014\/04\/AQSO_Casa_Cuna4.jpg'><img loading=\"lazy\" decoding=\"async\" width=\"330\" height=\"170\" src=\"https:\/\/www.professionearchitetto.it\/up\/nfw\/2014\/04\/AQSO_Casa_Cuna4-330x170.jpg\" class=\"attachment-thumbnail size-thumbnail\" alt=\"\" \/><\/a>\n\t\t\t<\/div><\/figure><figure class='gallery-item'>\n\t\t\t<div class='gallery-icon landscape'>\n\t\t\t\t<a href='https:\/\/www.professionearchitetto.it\/up\/nfw\/2014\/04\/AQSO_Casa_Cuna9.jpg'><img loading=\"lazy\" decoding=\"async\" width=\"330\" height=\"170\" src=\"https:\/\/www.professionearchitetto.it\/up\/nfw\/2014\/04\/AQSO_Casa_Cuna9-330x170.jpg\" class=\"attachment-thumbnail size-thumbnail\" alt=\"\" \/><\/a>\n\t\t\t<\/div><\/figure><figure class='gallery-item'>\n\t\t\t<div class='gallery-icon landscape'>\n\t\t\t\t<a href='https:\/\/www.professionearchitetto.it\/up\/nfw\/2014\/04\/AQSO_Casa_Cuna1.jpg'><img loading=\"lazy\" decoding=\"async\" width=\"330\" height=\"170\" src=\"https:\/\/www.professionearchitetto.it\/up\/nfw\/2014\/04\/AQSO_Casa_Cuna1-330x170.jpg\" class=\"attachment-thumbnail size-thumbnail\" alt=\"\" \/><\/a>\n\t\t\t<\/div><\/figure><figure class='gallery-item'>\n\t\t\t<div class='gallery-icon landscape'>\n\t\t\t\t<a href='https:\/\/www.professionearchitetto.it\/up\/nfw\/2014\/04\/AQSO_Casa_Cuna3.jpg'><img loading=\"lazy\" decoding=\"async\" width=\"330\" height=\"170\" src=\"https:\/\/www.professionearchitetto.it\/up\/nfw\/2014\/04\/AQSO_Casa_Cuna3-330x170.jpg\" class=\"attachment-thumbnail size-thumbnail\" alt=\"\" \/><\/a>\n\t\t\t<\/div><\/figure><figure class='gallery-item'>\n\t\t\t<div class='gallery-icon landscape'>\n\t\t\t\t<a href='https:\/\/www.professionearchitetto.it\/up\/nfw\/2014\/04\/AQSO_Casa_Cuna8.jpg'><img loading=\"lazy\" decoding=\"async\" width=\"330\" height=\"170\" src=\"https:\/\/www.professionearchitetto.it\/up\/nfw\/2014\/04\/AQSO_Casa_Cuna8-330x170.jpg\" class=\"attachment-thumbnail size-thumbnail\" alt=\"\" \/><\/a>\n\t\t\t<\/div><\/figure><figure class='gallery-item'>\n\t\t\t<div class='gallery-icon landscape'>\n\t\t\t\t<a href='https:\/\/www.professionearchitetto.it\/up\/nfw\/2014\/04\/AQSO_Casa_Cuna7.jpg'><img loading=\"lazy\" decoding=\"async\" width=\"330\" height=\"170\" src=\"https:\/\/www.professionearchitetto.it\/up\/nfw\/2014\/04\/AQSO_Casa_Cuna7-330x170.jpg\" class=\"attachment-thumbnail size-thumbnail\" alt=\"\" \/><\/a>\n\t\t\t<\/div><\/figure><figure class='gallery-item'>\n\t\t\t<div class='gallery-icon landscape'>\n\t\t\t\t<a href='https:\/\/www.professionearchitetto.it\/up\/nfw\/2014\/04\/AQSO_Casa_Cuna5.jpg'><img loading=\"lazy\" decoding=\"async\" width=\"330\" height=\"170\" src=\"https:\/\/www.professionearchitetto.it\/up\/nfw\/2014\/04\/AQSO_Casa_Cuna5-330x170.jpg\" class=\"attachment-thumbnail size-thumbnail\" alt=\"\" \/><\/a>\n\t\t\t<\/div><\/figure><figure class='gallery-item'>\n\t\t\t<div class='gallery-icon landscape'>\n\t\t\t\t<a href='https:\/\/www.professionearchitetto.it\/up\/nfw\/2014\/04\/AQSO_Casa_Cuna6.jpg'><img loading=\"lazy\" decoding=\"async\" width=\"330\" height=\"170\" src=\"https:\/\/www.professionearchitetto.it\/up\/nfw\/2014\/04\/AQSO_Casa_Cuna6-330x170.jpg\" class=\"attachment-thumbnail size-thumbnail\" alt=\"\" \/><\/a>\n\t\t\t<\/div><\/figure><figure class='gallery-item'>\n\t\t\t<div class='gallery-icon landscape'>\n\t\t\t\t<a href='https:\/\/www.professionearchitetto.it\/up\/nfw\/2014\/04\/AQSO_Casa_Cuna2.jpg'><img loading=\"lazy\" decoding=\"async\" width=\"330\" height=\"170\" src=\"https:\/\/www.professionearchitetto.it\/up\/nfw\/2014\/04\/AQSO_Casa_Cuna2-330x170.jpg\" class=\"attachment-thumbnail size-thumbnail\" alt=\"\" \/><\/a>\n\t\t\t<\/div><\/figure>\n\t\t<\/div>\n\r\n<p><strong>Links &gt;<\/strong><br \/><a href=\"http:\/\/aqso.net\/\" target=\"_blank\">AQSO arquitectos office<\/a><\/p>\r\n<p>&nbsp;<\/p>\r\n<p>&nbsp;<\/p>","protected":false},"excerpt":{"rendered":"<p>Memoria de los autores La vivienda se sit\u00faa en Lorqu\u00ed, una peque\u00f1a ciudad del sur de Espa\u00f1a rodeada de un paisaje formado por colinas erosionadas conocido como los Montes Blancos.La forma ascendente de la casa dibuja un alzado triangular que incide sobre el terreno para capturar las vistas de la vega del r\u00edo Segura.El espacio [&hellip;]<\/p>\n","protected":false},"author":2,"featured_media":16191,"comment_status":"open","ping_status":"open","sticky":false,"template":"","format":"standard","meta":{"footnotes":""},"categories":[4],"tags":[1452,14,1179,12],"class_list":{"0":"post-16189","1":"post","2":"type-post","3":"status-publish","4":"format-standard","5":"has-post-thumbnail","7":"category-es","8":"tag-aqso-arquitectos-office","9":"tag-espana","10":"tag-especiales","11":"tag-vivienda"},"amp_enabled":true,"_links":{"self":[{"href":"https:\/\/www.professionearchitetto.it\/news\/es\/wp-json\/wp\/v2\/posts\/16189","targetHints":{"allow":["GET"]}}],"collection":[{"href":"https:\/\/www.professionearchitetto.it\/news\/es\/wp-json\/wp\/v2\/posts"}],"about":[{"href":"https:\/\/www.professionearchitetto.it\/news\/es\/wp-json\/wp\/v2\/types\/post"}],"author":[{"embeddable":true,"href":"https:\/\/www.professionearchitetto.it\/news\/es\/wp-json\/wp\/v2\/users\/2"}],"replies":[{"embeddable":true,"href":"https:\/\/www.professionearchitetto.it\/news\/es\/wp-json\/wp\/v2\/comments?post=16189"}],"version-history":[{"count":0,"href":"https:\/\/www.professionearchitetto.it\/news\/es\/wp-json\/wp\/v2\/posts\/16189\/revisions"}],"wp:featuredmedia":[{"embeddable":true,"href":"https:\/\/www.professionearchitetto.it\/news\/es\/wp-json\/wp\/v2\/media\/16191"}],"wp:attachment":[{"href":"https:\/\/www.professionearchitetto.it\/news\/es\/wp-json\/wp\/v2\/media?parent=16189"}],"wp:term":[{"taxonomy":"category","embeddable":true,"href":"https:\/\/www.professionearchitetto.it\/news\/es\/wp-json\/wp\/v2\/categories?post=16189"},{"taxonomy":"post_tag","embeddable":true,"href":"https:\/\/www.professionearchitetto.it\/news\/es\/wp-json\/wp\/v2\/tags?post=16189"}],"curies":[{"name":"wp","href":"https:\/\/api.w.org\/{rel}","templated":true}]}}