{"id":16433,"date":"2014-05-16T00:45:12","date_gmt":"2014-05-15T23:45:12","guid":{"rendered":"https:\/\/noticiasarquitectura.info\/?p=16433"},"modified":"2014-05-16T00:45:12","modified_gmt":"2014-05-15T23:45:12","slug":"italia-bosco-verticale-milan-stefano-boeri","status":"publish","type":"post","link":"https:\/\/www.professionearchitetto.it\/news\/es\/italia-bosco-verticale-milan-stefano-boeri\/","title":{"rendered":"Italia: \u2018Bosco Verticale\u2019, Mil\u00e1n &#8211; Stefano Boeri"},"content":{"rendered":"<figure id=\"attachment_16434\" aria-describedby=\"caption-attachment-16434\" style=\"width: 640px\" class=\"wp-caption alignnone\"><a title=\"Italia: \u2018Bosco Verticale\u2019, Mil\u00e1n - Stefano Boeri\" href=\"http:\/\/www.dezeen.com\/2014\/05\/15\/stefano-boeri-bosco-verticale-vertical-forest-milan-skyscrapers\/\" target=\"_blank\"><img loading=\"lazy\" decoding=\"async\" class=\" wp-image-16434\" title=\"Italia: \u2018Bosco Verticale\u2019, Mil\u00e1n - Stefano Boeri\" alt=\"Italia: \u2018Bosco Verticale\u2019, Mil\u00e1n - Stefano Boeri\" src=\"https:\/\/noticiasarquitectura.info\/wp-content\/uploads\/2014\/05\/Bosco-Verticale-640.jpg\" width=\"640\" height=\"457\" srcset=\"https:\/\/www.professionearchitetto.it\/up\/nfw\/2014\/05\/Bosco-Verticale-640.jpg 640w, https:\/\/www.professionearchitetto.it\/up\/nfw\/2014\/05\/Bosco-Verticale-640-330x235.jpg 330w\" sizes=\"auto, (max-width: 640px) 100vw, 640px\" \/><\/a><figcaption id=\"caption-attachment-16434\" class=\"wp-caption-text\">Foto: Daniele Zacchi<\/figcaption><\/figure>\r\n<p>Italia &gt; Im\u00e1genes del <a href=\"http:\/\/www.stefanoboeriarchitetti.net\/?p=207\" target=\"_blank\">Bosco Verticale<\/a>, en Mil\u00e1n, pronto a finalizar su construcci\u00f3n, dise\u00f1ado por el arquitecto <a href=\"http:\/\/www.stefanoboeriarchitetti.net\/\" target=\"_blank\"> Stefano Boeri<\/a> [<a href=\"http:\/\/www.dezeen.com\/2014\/05\/15\/stefano-boeri-bosco-verticale-vertical-forest-milan-skyscrapers\/\" target=\"_blank\">dezeen<\/a>]<\/p>","protected":false},"excerpt":{"rendered":"<p>Italia &gt; Im\u00e1genes del Bosco Verticale, en Mil\u00e1n, pronto a finalizar su construcci\u00f3n, dise\u00f1ado por el arquitecto Stefano Boeri [dezeen]<\/p>\n","protected":false},"author":2,"featured_media":16435,"comment_status":"open","ping_status":"open","sticky":false,"template":"","format":"standard","meta":{"footnotes":""},"categories":[4],"tags":[114,120],"class_list":{"0":"post-16433","1":"post","2":"type-post","3":"status-publish","4":"format-standard","5":"has-post-thumbnail","7":"category-es","8":"tag-italia","9":"tag-stefano-boeri"},"amp_enabled":true,"_links":{"self":[{"href":"https:\/\/www.professionearchitetto.it\/news\/es\/wp-json\/wp\/v2\/posts\/16433","targetHints":{"allow":["GET"]}}],"collection":[{"href":"https:\/\/www.professionearchitetto.it\/news\/es\/wp-json\/wp\/v2\/posts"}],"about":[{"href":"https:\/\/www.professionearchitetto.it\/news\/es\/wp-json\/wp\/v2\/types\/post"}],"author":[{"embeddable":true,"href":"https:\/\/www.professionearchitetto.it\/news\/es\/wp-json\/wp\/v2\/users\/2"}],"replies":[{"embeddable":true,"href":"https:\/\/www.professionearchitetto.it\/news\/es\/wp-json\/wp\/v2\/comments?post=16433"}],"version-history":[{"count":0,"href":"https:\/\/www.professionearchitetto.it\/news\/es\/wp-json\/wp\/v2\/posts\/16433\/revisions"}],"wp:featuredmedia":[{"embeddable":true,"href":"https:\/\/www.professionearchitetto.it\/news\/es\/wp-json\/wp\/v2\/media\/16435"}],"wp:attachment":[{"href":"https:\/\/www.professionearchitetto.it\/news\/es\/wp-json\/wp\/v2\/media?parent=16433"}],"wp:term":[{"taxonomy":"category","embeddable":true,"href":"https:\/\/www.professionearchitetto.it\/news\/es\/wp-json\/wp\/v2\/categories?post=16433"},{"taxonomy":"post_tag","embeddable":true,"href":"https:\/\/www.professionearchitetto.it\/news\/es\/wp-json\/wp\/v2\/tags?post=16433"}],"curies":[{"name":"wp","href":"https:\/\/api.w.org\/{rel}","templated":true}]}}