{"id":16532,"date":"2014-05-31T20:41:29","date_gmt":"2014-05-31T19:41:29","guid":{"rendered":"https:\/\/noticiasarquitectura.info\/?p=16532"},"modified":"2014-05-31T21:55:06","modified_gmt":"2014-05-31T20:55:06","slug":"ecuador-biblioteca-gerardo-anker-quito-la-arquitectos","status":"publish","type":"post","link":"https:\/\/www.professionearchitetto.it\/news\/es\/ecuador-biblioteca-gerardo-anker-quito-la-arquitectos\/","title":{"rendered":"Ecuador: Biblioteca Gerardo Anker, Quito &#8211; L+A Arquitectos"},"content":{"rendered":"<figure id=\"attachment_16533\" aria-describedby=\"caption-attachment-16533\" style=\"width: 640px\" class=\"wp-caption alignnone\"><img loading=\"lazy\" decoding=\"async\" class=\" wp-image-16533\" title=\"Ecuador: Biblioteca Gerardo Anker, Quito - L+A Arquitectos\" alt=\"Ecuador: Biblioteca Gerardo Anker, Quito - L+A Arquitectos\" src=\"https:\/\/noticiasarquitectura.info\/wp-content\/uploads\/2014\/05\/Biblioteca_Gerardo_Anker_640.jpg\" width=\"640\" height=\"424\" srcset=\"https:\/\/www.professionearchitetto.it\/up\/nfw\/2014\/05\/Biblioteca_Gerardo_Anker_640.jpg 640w, https:\/\/www.professionearchitetto.it\/up\/nfw\/2014\/05\/Biblioteca_Gerardo_Anker_640-330x218.jpg 330w\" sizes=\"auto, (max-width: 640px) 100vw, 640px\" \/><figcaption id=\"caption-attachment-16533\" class=\"wp-caption-text\">Foto: Sebasti\u00e1n Crespo<\/figcaption><\/figure>\r\n<p><em>Memoria de los autores<\/em><\/p>\r\n<p>El proyecto consta de 740m2 de renovaci\u00f3n y adici\u00f3n para una biblioteca existente dentro del Colegio Alberto Einstein. La intenci\u00f3n del dise\u00f1o arquitect\u00f3nico tiene como objetivo transformar el lenguaje del edificio existente a un espacio moderno que invite y motive a los estudiantes a su uso. La biblioteca se encuentra localizada en el centro del patio central de la instituci\u00f3n, lo que le convierte en el edificio m\u00e1s visible y carta de presentaci\u00f3n del mismo. La meta de L+A arquitectos fue mantener la estructura existente del edificio, alojar el requerimiento de crecimiento de usuarios y a su vez generar movimiento a la plaza central del colegio creando as\u00ed vistas interesantes y generar v\u00ednculos visuales de forma arm\u00f3nica entre lo nuevo y lo antiguo. Este objetivo fue logrado con la rotaci\u00f3n de los espacios p\u00fablicos girando su geometr\u00eda hacia el espacio comunal del colegio, crear una fachada transparente donde exista una conexi\u00f3n entre el interior y el exterior del edificio y crear un atrio interior que enlaza en sentido vertical las diferentes edades de los usuarios. Esta geometr\u00eda que pueden ser interpretadas como un libro abierto donde la vida de cada alumno est\u00e1 siendo escrita dentro de ella.<\/p>\r\n<p>Im\u00e1genes gentileza &gt; <a href=\"http:\/\/www.laarquitectos.com\/\" target=\"_blank\"> L+A Arquitectos<\/a> \/ Fotograf\u00eda &gt; Sebasti\u00e1n Crespo<\/p>\r\n<div id='gallery-1' class='gallery galleryid-16532 gallery-columns-3 gallery-size-thumbnail'><figure class='gallery-item'>\n\t\t\t<div class='gallery-icon landscape'>\n\t\t\t\t<a href='https:\/\/www.professionearchitetto.it\/up\/nfw\/2014\/05\/001.jpg'><img loading=\"lazy\" decoding=\"async\" width=\"330\" height=\"170\" src=\"https:\/\/www.professionearchitetto.it\/up\/nfw\/2014\/05\/001-330x170.jpg\" class=\"attachment-thumbnail size-thumbnail\" alt=\"\" aria-describedby=\"gallery-1-16536\" \/><\/a>\n\t\t\t<\/div>\n\t\t\t\t<figcaption class='wp-caption-text gallery-caption' id='gallery-1-16536'>\n\t\t\t\tPlanta de conjunto\n\t\t\t\t<\/figcaption><\/figure><figure class='gallery-item'>\n\t\t\t<div class='gallery-icon landscape'>\n\t\t\t\t<a href='https:\/\/www.professionearchitetto.it\/up\/nfw\/2014\/05\/011.jpg'><img loading=\"lazy\" decoding=\"async\" width=\"330\" height=\"170\" src=\"https:\/\/www.professionearchitetto.it\/up\/nfw\/2014\/05\/011-330x170.jpg\" class=\"attachment-thumbnail size-thumbnail\" alt=\"\" aria-describedby=\"gallery-1-16537\" \/><\/a>\n\t\t\t<\/div>\n\t\t\t\t<figcaption class='wp-caption-text gallery-caption' id='gallery-1-16537'>\n\t\t\t\tPlanta baja\n\t\t\t\t<\/figcaption><\/figure><figure class='gallery-item'>\n\t\t\t<div class='gallery-icon landscape'>\n\t\t\t\t<a href='https:\/\/www.professionearchitetto.it\/up\/nfw\/2014\/05\/021.jpg'><img loading=\"lazy\" decoding=\"async\" width=\"330\" height=\"170\" src=\"https:\/\/www.professionearchitetto.it\/up\/nfw\/2014\/05\/021-330x170.jpg\" class=\"attachment-thumbnail size-thumbnail\" alt=\"\" aria-describedby=\"gallery-1-16538\" \/><\/a>\n\t\t\t<\/div>\n\t\t\t\t<figcaption class='wp-caption-text gallery-caption' id='gallery-1-16538'>\n\t\t\t\tPlanta alta\n\t\t\t\t<\/figcaption><\/figure><figure class='gallery-item'>\n\t\t\t<div class='gallery-icon landscape'>\n\t\t\t\t<a href='https:\/\/www.professionearchitetto.it\/up\/nfw\/2014\/05\/031.jpg'><img loading=\"lazy\" decoding=\"async\" width=\"330\" height=\"170\" src=\"https:\/\/www.professionearchitetto.it\/up\/nfw\/2014\/05\/031-330x170.jpg\" class=\"attachment-thumbnail size-thumbnail\" alt=\"\" aria-describedby=\"gallery-1-16539\" \/><\/a>\n\t\t\t<\/div>\n\t\t\t\t<figcaption class='wp-caption-text gallery-caption' id='gallery-1-16539'>\n\t\t\t\tCorte\n\t\t\t\t<\/figcaption><\/figure><figure class='gallery-item'>\n\t\t\t<div class='gallery-icon landscape'>\n\t\t\t\t<a href='https:\/\/www.professionearchitetto.it\/up\/nfw\/2014\/05\/04.jpg'><img loading=\"lazy\" decoding=\"async\" width=\"330\" height=\"170\" src=\"https:\/\/www.professionearchitetto.it\/up\/nfw\/2014\/05\/04-330x170.jpg\" class=\"attachment-thumbnail size-thumbnail\" alt=\"\" aria-describedby=\"gallery-1-16540\" \/><\/a>\n\t\t\t<\/div>\n\t\t\t\t<figcaption class='wp-caption-text gallery-caption' id='gallery-1-16540'>\n\t\t\t\tEificio original\n\t\t\t\t<\/figcaption><\/figure><figure class='gallery-item'>\n\t\t\t<div class='gallery-icon landscape'>\n\t\t\t\t<a href='https:\/\/www.professionearchitetto.it\/up\/nfw\/2014\/05\/051.jpg'><img loading=\"lazy\" decoding=\"async\" width=\"330\" height=\"170\" src=\"https:\/\/www.professionearchitetto.it\/up\/nfw\/2014\/05\/051-330x170.jpg\" class=\"attachment-thumbnail size-thumbnail\" alt=\"\" aria-describedby=\"gallery-1-16541\" \/><\/a>\n\t\t\t<\/div>\n\t\t\t\t<figcaption class='wp-caption-text gallery-caption' id='gallery-1-16541'>\n\t\t\t\tEificio original\n\t\t\t\t<\/figcaption><\/figure><figure class='gallery-item'>\n\t\t\t<div class='gallery-icon landscape'>\n\t\t\t\t<a href='https:\/\/www.professionearchitetto.it\/up\/nfw\/2014\/05\/061.jpg'><img loading=\"lazy\" decoding=\"async\" width=\"330\" height=\"170\" src=\"https:\/\/www.professionearchitetto.it\/up\/nfw\/2014\/05\/061-330x170.jpg\" class=\"attachment-thumbnail size-thumbnail\" alt=\"\" \/><\/a>\n\t\t\t<\/div><\/figure><figure class='gallery-item'>\n\t\t\t<div class='gallery-icon landscape'>\n\t\t\t\t<a href='https:\/\/www.professionearchitetto.it\/up\/nfw\/2014\/05\/071.jpg'><img loading=\"lazy\" decoding=\"async\" width=\"330\" height=\"170\" src=\"https:\/\/www.professionearchitetto.it\/up\/nfw\/2014\/05\/071-330x170.jpg\" class=\"attachment-thumbnail size-thumbnail\" alt=\"\" \/><\/a>\n\t\t\t<\/div><\/figure><figure class='gallery-item'>\n\t\t\t<div class='gallery-icon landscape'>\n\t\t\t\t<a href='https:\/\/www.professionearchitetto.it\/up\/nfw\/2014\/05\/081.jpg'><img loading=\"lazy\" decoding=\"async\" width=\"330\" height=\"170\" src=\"https:\/\/www.professionearchitetto.it\/up\/nfw\/2014\/05\/081-330x170.jpg\" class=\"attachment-thumbnail size-thumbnail\" alt=\"\" \/><\/a>\n\t\t\t<\/div><\/figure><figure class='gallery-item'>\n\t\t\t<div class='gallery-icon landscape'>\n\t\t\t\t<a href='https:\/\/www.professionearchitetto.it\/up\/nfw\/2014\/05\/091.jpg'><img loading=\"lazy\" decoding=\"async\" width=\"330\" height=\"170\" src=\"https:\/\/www.professionearchitetto.it\/up\/nfw\/2014\/05\/091-330x170.jpg\" class=\"attachment-thumbnail size-thumbnail\" alt=\"\" \/><\/a>\n\t\t\t<\/div><\/figure><figure class='gallery-item'>\n\t\t\t<div class='gallery-icon landscape'>\n\t\t\t\t<a href='https:\/\/www.professionearchitetto.it\/up\/nfw\/2014\/05\/101.jpg'><img loading=\"lazy\" decoding=\"async\" width=\"330\" height=\"170\" src=\"https:\/\/www.professionearchitetto.it\/up\/nfw\/2014\/05\/101-330x170.jpg\" class=\"attachment-thumbnail size-thumbnail\" alt=\"\" \/><\/a>\n\t\t\t<\/div><\/figure><figure class='gallery-item'>\n\t\t\t<div class='gallery-icon landscape'>\n\t\t\t\t<a href='https:\/\/www.professionearchitetto.it\/up\/nfw\/2014\/05\/111.jpg'><img loading=\"lazy\" decoding=\"async\" width=\"330\" height=\"170\" src=\"https:\/\/www.professionearchitetto.it\/up\/nfw\/2014\/05\/111-330x170.jpg\" class=\"attachment-thumbnail size-thumbnail\" alt=\"\" \/><\/a>\n\t\t\t<\/div><\/figure><figure class='gallery-item'>\n\t\t\t<div class='gallery-icon portrait'>\n\t\t\t\t<a href='https:\/\/www.professionearchitetto.it\/up\/nfw\/2014\/05\/121.jpg'><img loading=\"lazy\" decoding=\"async\" width=\"330\" height=\"170\" src=\"https:\/\/www.professionearchitetto.it\/up\/nfw\/2014\/05\/121-330x170.jpg\" class=\"attachment-thumbnail size-thumbnail\" alt=\"\" \/><\/a>\n\t\t\t<\/div><\/figure><figure class='gallery-item'>\n\t\t\t<div class='gallery-icon landscape'>\n\t\t\t\t<a href='https:\/\/www.professionearchitetto.it\/up\/nfw\/2014\/05\/13.jpg'><img loading=\"lazy\" decoding=\"async\" width=\"330\" height=\"170\" src=\"https:\/\/www.professionearchitetto.it\/up\/nfw\/2014\/05\/13-330x170.jpg\" class=\"attachment-thumbnail size-thumbnail\" alt=\"\" \/><\/a>\n\t\t\t<\/div><\/figure><figure class='gallery-item'>\n\t\t\t<div class='gallery-icon landscape'>\n\t\t\t\t<a href='https:\/\/www.professionearchitetto.it\/up\/nfw\/2014\/05\/14.jpg'><img loading=\"lazy\" decoding=\"async\" width=\"330\" height=\"170\" src=\"https:\/\/www.professionearchitetto.it\/up\/nfw\/2014\/05\/14-330x170.jpg\" class=\"attachment-thumbnail size-thumbnail\" alt=\"\" \/><\/a>\n\t\t\t<\/div><\/figure>\n\t\t<\/div>\n\r\n<p><strong>Ficha t\u00e9cnica:<\/strong><\/p>\r\n<p><strong>Obra:<\/strong> Biblioteca Gerardo Anker \u2013 Fundaci\u00f3n Educacional Alberto Einstein<br \/><strong>Ubicaci\u00f3n:<\/strong> Quito, Ecuador<br \/><strong>Fecha:<\/strong> 2013<br \/><strong>Autores del proyecto<\/strong>: <a href=\"http:\/\/www.laarquitectos.com\/\" target=\"_blank\">L+A Arquitectos<\/a> &#8211; Gabriela S. Anker C\u00e1rdenas, Aaron S. Leppanen Porte, Luis Alberto J\u00e1tiva Salazar, Peter C. Matthews<br \/><strong>Colaboradores:<\/strong> Arq. Ren\u00e9 Mu\u00f1oz \u2013 Constructor, Ing. Max Vendrig &#8211; Ingeniero Estructural, Muebles ATU <br \/><strong>Promotor \/ Propietario<\/strong>: Fundaci\u00f3n Educacional Alberto Einstein<br \/><strong>Empresa Constructora<\/strong>: Mu\u00f1oz Duque<br \/><strong>Superficie:<\/strong> 740 m2<\/p>\r\n<p><strong>Links &gt;<\/strong> <br \/><a href=\"http:\/\/www.laarquitectos.com\/\" target=\"_blank\">L+A Arquitectos<\/a><\/p>","protected":false},"excerpt":{"rendered":"<p>Memoria de los autores El proyecto consta de 740m2 de renovaci\u00f3n y adici\u00f3n para una biblioteca existente dentro del Colegio Alberto Einstein. La intenci\u00f3n del dise\u00f1o arquitect\u00f3nico tiene como objetivo transformar el lenguaje del edificio existente a un espacio moderno que invite y motive a los estudiantes a su uso. La biblioteca se encuentra localizada [&hellip;]<\/p>\n","protected":false},"author":2,"featured_media":16534,"comment_status":"open","ping_status":"open","sticky":false,"template":"","format":"standard","meta":{"footnotes":""},"categories":[4],"tags":[81,554,1179,1508],"class_list":{"0":"post-16532","1":"post","2":"type-post","3":"status-publish","4":"format-standard","5":"has-post-thumbnail","7":"category-es","8":"tag-biblioteca","9":"tag-ecuador","10":"tag-especiales","11":"tag-la-arquitectos"},"amp_enabled":true,"_links":{"self":[{"href":"https:\/\/www.professionearchitetto.it\/news\/es\/wp-json\/wp\/v2\/posts\/16532","targetHints":{"allow":["GET"]}}],"collection":[{"href":"https:\/\/www.professionearchitetto.it\/news\/es\/wp-json\/wp\/v2\/posts"}],"about":[{"href":"https:\/\/www.professionearchitetto.it\/news\/es\/wp-json\/wp\/v2\/types\/post"}],"author":[{"embeddable":true,"href":"https:\/\/www.professionearchitetto.it\/news\/es\/wp-json\/wp\/v2\/users\/2"}],"replies":[{"embeddable":true,"href":"https:\/\/www.professionearchitetto.it\/news\/es\/wp-json\/wp\/v2\/comments?post=16532"}],"version-history":[{"count":0,"href":"https:\/\/www.professionearchitetto.it\/news\/es\/wp-json\/wp\/v2\/posts\/16532\/revisions"}],"wp:featuredmedia":[{"embeddable":true,"href":"https:\/\/www.professionearchitetto.it\/news\/es\/wp-json\/wp\/v2\/media\/16534"}],"wp:attachment":[{"href":"https:\/\/www.professionearchitetto.it\/news\/es\/wp-json\/wp\/v2\/media?parent=16532"}],"wp:term":[{"taxonomy":"category","embeddable":true,"href":"https:\/\/www.professionearchitetto.it\/news\/es\/wp-json\/wp\/v2\/categories?post=16532"},{"taxonomy":"post_tag","embeddable":true,"href":"https:\/\/www.professionearchitetto.it\/news\/es\/wp-json\/wp\/v2\/tags?post=16532"}],"curies":[{"name":"wp","href":"https:\/\/api.w.org\/{rel}","templated":true}]}}