{"id":16767,"date":"2014-06-30T01:39:51","date_gmt":"2014-06-30T00:39:51","guid":{"rendered":"https:\/\/noticiasarquitectura.info\/?p=16767"},"modified":"2014-06-30T01:39:51","modified_gmt":"2014-06-30T00:39:51","slug":"espana-caixaforum-zaragoza-carme-pinos","status":"publish","type":"post","link":"https:\/\/www.professionearchitetto.it\/news\/es\/espana-caixaforum-zaragoza-carme-pinos\/","title":{"rendered":"Espa\u00f1a: CaixaForum Zaragoza &#8211; Carme Pin\u00f3s"},"content":{"rendered":"<figure id=\"attachment_16768\" aria-describedby=\"caption-attachment-16768\" style=\"width: 640px\" class=\"wp-caption alignnone\"><a title=\"Espa\u00f1a: CaixaForum Zaragoza - Carme Pin\u00f3s\" href=\"http:\/\/www.cpinos.com\/index.php?op=1&amp;ap=1&amp;id=23\" target=\"_blank\"><img loading=\"lazy\" decoding=\"async\" class=\" wp-image-16768\" title=\"Espa\u00f1a: CaixaForum Zaragoza - Carme Pin\u00f3s\" alt=\"Espa\u00f1a: CaixaForum Zaragoza - Carme Pin\u00f3s\" src=\"https:\/\/noticiasarquitectura.info\/wp-content\/uploads\/2014\/06\/CaixaForum-Zaragoza-640.jpg\" width=\"640\" height=\"355\" srcset=\"https:\/\/www.professionearchitetto.it\/up\/nfw\/2014\/06\/CaixaForum-Zaragoza-640.jpg 640w, https:\/\/www.professionearchitetto.it\/up\/nfw\/2014\/06\/CaixaForum-Zaragoza-640-330x183.jpg 330w\" sizes=\"auto, (max-width: 640px) 100vw, 640px\" \/><\/a><figcaption id=\"caption-attachment-16768\" class=\"wp-caption-text\">Foto: Estudio Carme Pin\u00f3s<\/figcaption><\/figure>\r\n<p>Espa\u00f1a &gt; Museo, Auditorio y Centro Cultural <a href=\"http:\/\/obrasocial.lacaixa.es\/nuestroscentros\/caixaforumzaragoza\/caixaforumzaragoza_es.html\" target=\"_blank\"> Caixaforum en Zaragoza<\/a>, inaugurado el 28 de junio de 2014, obra de la arquitecta <a href=\"http:\/\/www.cpinos.com\" target=\"_blank\">Carme Pin\u00f3s<\/a>.<br \/> Aluminio, hormig\u00f3n y cristal en busca del \u2018efecto Guggenheim\u2019 [<a href=\"http:\/\/cultura.elpais.com\/cultura\/2014\/06\/27\/actualidad\/1403888660_861556.html\" target=\"_blank\">ELPAIS.com<\/a>]<\/p>\r\n<p><iframe loading=\"lazy\" src=\"\/\/www.youtube.com\/embed\/pZwEpf6AemY?rel=0\" height=\"357\" width=\"635\" allowfullscreen=\"\" frameborder=\"0\"><\/iframe><\/p>\r\n<p>Video institucional &gt; <a href=\"http:\/\/youtu.be\/pZwEpf6AemY\" target=\"_blank\"> YouTube\/la Caixa<\/a><\/p>\r\n<p>Carme Pin\u00f3s habla del proyecto&#8230;<\/p>\r\n<p><iframe loading=\"lazy\" src=\"\/\/www.youtube.com\/embed\/AFSK5J55NC8?rel=0\" height=\"357\" width=\"635\" allowfullscreen=\"\" frameborder=\"0\"><\/iframe><\/p>\r\n<p>Video &gt; <a href=\"http:\/\/youtu.be\/AFSK5J55NC8\" target=\"_blank\">YouTube\/la Caixa<\/a><\/p>\r\n<p>M\u00e1s im\u00e1genes &gt; <a href=\"http:\/\/www.cpinos.com\/index.php?op=1&amp;ap=1&amp;id=23\" target=\"_blank\"> Estudio Carme Pin\u00f3s<\/a><\/p>","protected":false},"excerpt":{"rendered":"<p>Espa\u00f1a &gt; Museo, Auditorio y Centro Cultural Caixaforum en Zaragoza, inaugurado el 28 de junio de 2014, obra de la arquitecta Carme Pin\u00f3s. Aluminio, hormig\u00f3n y cristal en busca del \u2018efecto Guggenheim\u2019 [ELPAIS.com] Video institucional &gt; YouTube\/la Caixa Carme Pin\u00f3s habla del proyecto&#8230; Video &gt; YouTube\/la Caixa M\u00e1s im\u00e1genes &gt; Estudio Carme Pin\u00f3s<\/p>\n","protected":false},"author":2,"featured_media":16769,"comment_status":"open","ping_status":"open","sticky":false,"template":"","format":"standard","meta":{"footnotes":""},"categories":[4],"tags":[1067,14,174],"class_list":{"0":"post-16767","1":"post","2":"type-post","3":"status-publish","4":"format-standard","5":"has-post-thumbnail","7":"category-es","8":"tag-carme-pinos","9":"tag-espana","10":"tag-video"},"amp_enabled":true,"_links":{"self":[{"href":"https:\/\/www.professionearchitetto.it\/news\/es\/wp-json\/wp\/v2\/posts\/16767","targetHints":{"allow":["GET"]}}],"collection":[{"href":"https:\/\/www.professionearchitetto.it\/news\/es\/wp-json\/wp\/v2\/posts"}],"about":[{"href":"https:\/\/www.professionearchitetto.it\/news\/es\/wp-json\/wp\/v2\/types\/post"}],"author":[{"embeddable":true,"href":"https:\/\/www.professionearchitetto.it\/news\/es\/wp-json\/wp\/v2\/users\/2"}],"replies":[{"embeddable":true,"href":"https:\/\/www.professionearchitetto.it\/news\/es\/wp-json\/wp\/v2\/comments?post=16767"}],"version-history":[{"count":0,"href":"https:\/\/www.professionearchitetto.it\/news\/es\/wp-json\/wp\/v2\/posts\/16767\/revisions"}],"wp:featuredmedia":[{"embeddable":true,"href":"https:\/\/www.professionearchitetto.it\/news\/es\/wp-json\/wp\/v2\/media\/16769"}],"wp:attachment":[{"href":"https:\/\/www.professionearchitetto.it\/news\/es\/wp-json\/wp\/v2\/media?parent=16767"}],"wp:term":[{"taxonomy":"category","embeddable":true,"href":"https:\/\/www.professionearchitetto.it\/news\/es\/wp-json\/wp\/v2\/categories?post=16767"},{"taxonomy":"post_tag","embeddable":true,"href":"https:\/\/www.professionearchitetto.it\/news\/es\/wp-json\/wp\/v2\/tags?post=16767"}],"curies":[{"name":"wp","href":"https:\/\/api.w.org\/{rel}","templated":true}]}}