{"id":17342,"date":"2014-10-10T00:24:46","date_gmt":"2014-10-09T23:24:46","guid":{"rendered":"https:\/\/noticiasarquitectura.info\/?p=17342"},"modified":"2014-10-10T00:24:46","modified_gmt":"2014-10-09T23:24:46","slug":"ciudad-de-mexico-mercado-roma-rojkind-arquitectos","status":"publish","type":"post","link":"https:\/\/www.professionearchitetto.it\/news\/es\/ciudad-de-mexico-mercado-roma-rojkind-arquitectos\/","title":{"rendered":"Ciudad de M\u00e9xico: Mercado Roma &#8211; Rojkind Arquitectos"},"content":{"rendered":"<figure id=\"attachment_17343\" aria-describedby=\"caption-attachment-17343\" style=\"width: 640px\" class=\"wp-caption alignnone\"><a href=\"http:\/\/arq.clarin.com\/arquitectura\/Mercado-gastronomia-mexicana_0_1226877743.html\" target=\"_blank\"><img loading=\"lazy\" decoding=\"async\" class=\"wp-image-17343 size-full\" title=\"Ciudad de M\u00e9xico: Mercado Roma - Rojkind Arquitectos\" src=\"https:\/\/noticiasarquitectura.info\/wp-content\/uploads\/2014\/10\/MERCADO-ROMA_640.jpg\" alt=\"Ciudad de M\u00e9xico: Mercado Roma - Rojkind Arquitectos\" width=\"640\" height=\"432\" srcset=\"https:\/\/www.professionearchitetto.it\/up\/nfw\/2014\/10\/MERCADO-ROMA_640.jpg 640w, https:\/\/www.professionearchitetto.it\/up\/nfw\/2014\/10\/MERCADO-ROMA_640-330x222.jpg 330w\" sizes=\"auto, (max-width: 640px) 100vw, 640px\" \/><\/a><figcaption id=\"caption-attachment-17343\" class=\"wp-caption-text\">Foto: Rojkind Arquitectos<\/figcaption><\/figure>\r\n<p>Ciudad de M\u00e9xico &gt; Concebido como un espacio para albergar expresiones de la rica cultura gastron\u00f3mica mexicana, <a href=\"http:\/\/mercadoroma.com\/\" target=\"_blank\">Mercado Roma<\/a> pone especial \u00e9nfasis en el sentido de comunidad y colaboraci\u00f3n. Dise\u00f1ado por <a href=\"http:\/\/www.rojkindarquitectos.com\/\" target=\"_blank\">Rojkind Arquitectos<\/a> y conceptualizado por <a href=\"http:\/\/www.cadena-asociados.com\/\" target=\"_blank\"> Cadena + Asoc. ConceptDesign<\/a>, el espacio re\u00fane a selectos locatarios para que en \u00e9l puedan ofrecer sus mejores productos&#8230;. [<a href=\"http:\/\/arq.clarin.com\/arquitectura\/Mercado-gastronomia-mexicana_0_1226877743.html\" target=\"_blank\">ARQ-Clar\u00edn.com<\/a>]<\/p>","protected":false},"excerpt":{"rendered":"<p>Ciudad de M\u00e9xico &gt; Concebido como un espacio para albergar expresiones de la rica cultura gastron\u00f3mica mexicana, Mercado Roma pone especial \u00e9nfasis en el sentido de comunidad y colaboraci\u00f3n. Dise\u00f1ado por Rojkind Arquitectos y conceptualizado por Cadena + Asoc. ConceptDesign, el espacio re\u00fane a selectos locatarios para que en \u00e9l puedan ofrecer sus mejores productos&#8230;. [&hellip;]<\/p>\n","protected":false},"author":2,"featured_media":17344,"comment_status":"open","ping_status":"open","sticky":false,"template":"","format":"standard","meta":{"footnotes":""},"categories":[4],"tags":[21,44,329],"class_list":{"0":"post-17342","1":"post","2":"type-post","3":"status-publish","4":"format-standard","5":"has-post-thumbnail","7":"category-es","8":"tag-mexico","9":"tag-michel-rojkind","10":"tag-rojkind-arquitectos"},"amp_enabled":true,"_links":{"self":[{"href":"https:\/\/www.professionearchitetto.it\/news\/es\/wp-json\/wp\/v2\/posts\/17342","targetHints":{"allow":["GET"]}}],"collection":[{"href":"https:\/\/www.professionearchitetto.it\/news\/es\/wp-json\/wp\/v2\/posts"}],"about":[{"href":"https:\/\/www.professionearchitetto.it\/news\/es\/wp-json\/wp\/v2\/types\/post"}],"author":[{"embeddable":true,"href":"https:\/\/www.professionearchitetto.it\/news\/es\/wp-json\/wp\/v2\/users\/2"}],"replies":[{"embeddable":true,"href":"https:\/\/www.professionearchitetto.it\/news\/es\/wp-json\/wp\/v2\/comments?post=17342"}],"version-history":[{"count":0,"href":"https:\/\/www.professionearchitetto.it\/news\/es\/wp-json\/wp\/v2\/posts\/17342\/revisions"}],"wp:featuredmedia":[{"embeddable":true,"href":"https:\/\/www.professionearchitetto.it\/news\/es\/wp-json\/wp\/v2\/media\/17344"}],"wp:attachment":[{"href":"https:\/\/www.professionearchitetto.it\/news\/es\/wp-json\/wp\/v2\/media?parent=17342"}],"wp:term":[{"taxonomy":"category","embeddable":true,"href":"https:\/\/www.professionearchitetto.it\/news\/es\/wp-json\/wp\/v2\/categories?post=17342"},{"taxonomy":"post_tag","embeddable":true,"href":"https:\/\/www.professionearchitetto.it\/news\/es\/wp-json\/wp\/v2\/tags?post=17342"}],"curies":[{"name":"wp","href":"https:\/\/api.w.org\/{rel}","templated":true}]}}