{"id":17759,"date":"2015-01-01T23:36:12","date_gmt":"2015-01-01T22:36:12","guid":{"rendered":"https:\/\/noticiasarquitectura.info\/?p=17759"},"modified":"2015-01-01T23:36:12","modified_gmt":"2015-01-01T22:36:12","slug":"espana-campus-universitario-jaen-canvas-arquitectos","status":"publish","type":"post","link":"https:\/\/www.professionearchitetto.it\/news\/es\/espana-campus-universitario-jaen-canvas-arquitectos\/","title":{"rendered":"Espa\u00f1a: Campus Universitario, Ja\u00e9n &#8211; Canvas Arquitectos"},"content":{"rendered":"<p><a href=\"http:\/\/www.domusweb.it\/en\/architecture\/2014\/12\/29\/canvas_scientific_and_technological_campus.html\" target=\"_blank\"><img loading=\"lazy\" decoding=\"async\" class=\"alignnone wp-image-17760 size-full\" title=\"Espa\u00f1a: Campus Universitario, Ja\u00e9n - Canvas Arquitectos\" src=\"https:\/\/noticiasarquitectura.info\/wp-content\/uploads\/2015\/01\/Campus-Universitario-Jaen-640.jpg\" alt=\"Espa\u00f1a: Campus Universitario, Ja\u00e9n - Canvas Arquitectos\" width=\"640\" height=\"330\" srcset=\"https:\/\/www.professionearchitetto.it\/up\/nfw\/2015\/01\/Campus-Universitario-Jaen-640.jpg 640w, https:\/\/www.professionearchitetto.it\/up\/nfw\/2015\/01\/Campus-Universitario-Jaen-640-330x170.jpg 330w\" sizes=\"auto, (max-width: 640px) 100vw, 640px\" \/><\/a><\/p>\r\n<p>Espa\u00f1a &gt; Campus Universitario y Parque Cient\u00edfico de la Universidad de Ja\u00e9n en Linares, obra del estudio <a href=\"http:\/\/canvasarquitectos.com\" target=\"_blank\"> Canvas Arquitectos<\/a> (Juan Vicente and Pablo N\u00fa\u00f1ez and Eduardo Duro Almaz\u00e1n) [<a href=\"http:\/\/www.domusweb.it\/en\/architecture\/2014\/12\/29\/canvas_scientific_and_technological_campus.html\" target=\"_blank\">Domus<\/a>]<\/p>","protected":false},"excerpt":{"rendered":"<p>Espa\u00f1a &gt; Campus Universitario y Parque Cient\u00edfico de la Universidad de Ja\u00e9n en Linares, obra del estudio Canvas Arquitectos (Juan Vicente and Pablo N\u00fa\u00f1ez and Eduardo Duro Almaz\u00e1n) [Domus]<\/p>\n","protected":false},"author":2,"featured_media":17761,"comment_status":"open","ping_status":"open","sticky":false,"template":"","format":"standard","meta":{"footnotes":""},"categories":[4],"tags":[1672,14,138],"class_list":{"0":"post-17759","1":"post","2":"type-post","3":"status-publish","4":"format-standard","5":"has-post-thumbnail","7":"category-es","8":"tag-canvas-arquitectos","9":"tag-espana","10":"tag-universidad"},"amp_enabled":true,"_links":{"self":[{"href":"https:\/\/www.professionearchitetto.it\/news\/es\/wp-json\/wp\/v2\/posts\/17759","targetHints":{"allow":["GET"]}}],"collection":[{"href":"https:\/\/www.professionearchitetto.it\/news\/es\/wp-json\/wp\/v2\/posts"}],"about":[{"href":"https:\/\/www.professionearchitetto.it\/news\/es\/wp-json\/wp\/v2\/types\/post"}],"author":[{"embeddable":true,"href":"https:\/\/www.professionearchitetto.it\/news\/es\/wp-json\/wp\/v2\/users\/2"}],"replies":[{"embeddable":true,"href":"https:\/\/www.professionearchitetto.it\/news\/es\/wp-json\/wp\/v2\/comments?post=17759"}],"version-history":[{"count":0,"href":"https:\/\/www.professionearchitetto.it\/news\/es\/wp-json\/wp\/v2\/posts\/17759\/revisions"}],"wp:featuredmedia":[{"embeddable":true,"href":"https:\/\/www.professionearchitetto.it\/news\/es\/wp-json\/wp\/v2\/media\/17761"}],"wp:attachment":[{"href":"https:\/\/www.professionearchitetto.it\/news\/es\/wp-json\/wp\/v2\/media?parent=17759"}],"wp:term":[{"taxonomy":"category","embeddable":true,"href":"https:\/\/www.professionearchitetto.it\/news\/es\/wp-json\/wp\/v2\/categories?post=17759"},{"taxonomy":"post_tag","embeddable":true,"href":"https:\/\/www.professionearchitetto.it\/news\/es\/wp-json\/wp\/v2\/tags?post=17759"}],"curies":[{"name":"wp","href":"https:\/\/api.w.org\/{rel}","templated":true}]}}