{"id":18254,"date":"2015-06-27T12:52:12","date_gmt":"2015-06-27T11:52:12","guid":{"rendered":"https:\/\/noticiasarquitectura.info\/?p=18254"},"modified":"2015-06-27T12:52:12","modified_gmt":"2015-06-27T11:52:12","slug":"video-serpentine-gallery-pavilion-2015-selgascano","status":"publish","type":"post","link":"https:\/\/www.professionearchitetto.it\/news\/es\/video-serpentine-gallery-pavilion-2015-selgascano\/","title":{"rendered":"Video: Serpentine Gallery Pavilion 2015 &#8211; SelgasCano"},"content":{"rendered":"<p><iframe loading=\"lazy\" src=\"https:\/\/player.vimeo.com\/video\/131635390?title=0&amp;portrait=0\" width=\"640\" height=\"361\" frameborder=\"0\" allowfullscreen=\"allowfullscreen\"><\/iframe><\/p>\r\n<p>Inglaterra &gt; Video del\u00a0 <a href=\"http:\/\/www.serpentinegalleries.org\/exhibitions-events\/serpentine-pavilion-2015\" target=\"_blank\"> Serpentine Gallery Pavilion 2015<\/a>, dise\u00f1ado por el estudio espa\u00f1ol <a href=\"http:\/\/www.selgascano.net\/\" target=\"_blank\">SelgasCano<\/a>, Jos\u00e9 Selgas y Luc\u00eda Cano. El Pabell\u00f3n estar\u00e1 abierto al p\u00fablico hasta el 18 de octubre<\/p>\r\n<p>Video &gt; <a href=\"http:\/\/clickclickjim.com\/\" target=\"_blank\">Jim Stephenson<\/a> \/ <a href=\"http:\/\/wellhungpictures.co.uk\/\" target=\"_blank\">Edward Bishop<\/a><\/p>\r\n<p>via &gt; <a href=\"https:\/\/twitter.com\/marioballe\" target=\"_blank\">@marioballe<\/a><\/p>","protected":false},"excerpt":{"rendered":"<p>Inglaterra &gt; Video del\u00a0 Serpentine Gallery Pavilion 2015, dise\u00f1ado por el estudio espa\u00f1ol SelgasCano, Jos\u00e9 Selgas y Luc\u00eda Cano. El Pabell\u00f3n estar\u00e1 abierto al p\u00fablico hasta el 18 de octubre Video &gt; Jim Stephenson \/ Edward Bishop via &gt; @marioballe<\/p>\n","protected":false},"author":2,"featured_media":18217,"comment_status":"open","ping_status":"open","sticky":false,"template":"","format":"standard","meta":{"footnotes":""},"categories":[4],"tags":[31,1157,1652,1216,32,174],"class_list":{"0":"post-18254","1":"post","2":"type-post","3":"status-publish","4":"format-standard","5":"has-post-thumbnail","7":"category-es","8":"tag-inglaterra","9":"tag-selgas-cano-arquitectos","10":"tag-selgascano","11":"tag-serpentine-gallery","12":"tag-serpentine-gallery-pavilion","13":"tag-video"},"amp_enabled":true,"_links":{"self":[{"href":"https:\/\/www.professionearchitetto.it\/news\/es\/wp-json\/wp\/v2\/posts\/18254","targetHints":{"allow":["GET"]}}],"collection":[{"href":"https:\/\/www.professionearchitetto.it\/news\/es\/wp-json\/wp\/v2\/posts"}],"about":[{"href":"https:\/\/www.professionearchitetto.it\/news\/es\/wp-json\/wp\/v2\/types\/post"}],"author":[{"embeddable":true,"href":"https:\/\/www.professionearchitetto.it\/news\/es\/wp-json\/wp\/v2\/users\/2"}],"replies":[{"embeddable":true,"href":"https:\/\/www.professionearchitetto.it\/news\/es\/wp-json\/wp\/v2\/comments?post=18254"}],"version-history":[{"count":0,"href":"https:\/\/www.professionearchitetto.it\/news\/es\/wp-json\/wp\/v2\/posts\/18254\/revisions"}],"wp:featuredmedia":[{"embeddable":true,"href":"https:\/\/www.professionearchitetto.it\/news\/es\/wp-json\/wp\/v2\/media\/18217"}],"wp:attachment":[{"href":"https:\/\/www.professionearchitetto.it\/news\/es\/wp-json\/wp\/v2\/media?parent=18254"}],"wp:term":[{"taxonomy":"category","embeddable":true,"href":"https:\/\/www.professionearchitetto.it\/news\/es\/wp-json\/wp\/v2\/categories?post=18254"},{"taxonomy":"post_tag","embeddable":true,"href":"https:\/\/www.professionearchitetto.it\/news\/es\/wp-json\/wp\/v2\/tags?post=18254"}],"curies":[{"name":"wp","href":"https:\/\/api.w.org\/{rel}","templated":true}]}}