{"id":18539,"date":"2015-11-19T03:03:24","date_gmt":"2015-11-19T02:03:24","guid":{"rendered":"https:\/\/noticiasarquitectura.info\/?p=18539"},"modified":"2015-11-19T03:14:31","modified_gmt":"2015-11-19T02:14:31","slug":"paise-bajos-nueva-estacion-de-arnhem-unstudio","status":"publish","type":"post","link":"https:\/\/www.professionearchitetto.it\/news\/es\/paise-bajos-nueva-estacion-de-arnhem-unstudio\/","title":{"rendered":"Paises Bajos: Nueva estaci\u00f3n de Arnhem &#8211; UNStudio"},"content":{"rendered":"<p><iframe loading=\"lazy\" src=\"https:\/\/www.youtube.com\/embed\/IaeDgvvPXLg?rel=0&amp;controls=0&amp;showinfo=0\" width=\"640\" height=\"360\" frameborder=\"0\" allowfullscreen=\"allowfullscreen\"><\/iframe><\/p><p>Paises Bajos &gt; Luego de veinte a\u00f1os la Nueva estaci\u00f3n de <a href=\"https:\/\/es.wikipedia.org\/wiki\/Arnhem\" target=\"_blank\">Arnhem<\/a>, obra de <a href=\"http:\/\/www.unstudio.com\/\" target=\"_blank\">UNStudio<\/a> y <a href=\"http:\/\/www.arup.com\/\">Arup<\/a> abre al p\u00fablico&#8230; [<a href=\"http:\/\/www.dezeen.com\/2015\/11\/18\/unstudio-curvacious-station-arnhem-netherlands-complete\/\" target=\"_blank\">dezeen<\/a>]<\/p>","protected":false},"excerpt":{"rendered":"<p>Paises Bajos &gt; Luego de veinte a\u00f1os la Nueva estaci\u00f3n de Arnhem, obra de UNStudio y Arup abre al p\u00fablico&#8230; [dezeen]<\/p>\n","protected":false},"author":2,"featured_media":18541,"comment_status":"open","ping_status":"open","sticky":false,"template":"","format":"standard","meta":{"footnotes":""},"categories":[4],"tags":[1737,374,174],"class_list":{"0":"post-18539","1":"post","2":"type-post","3":"status-publish","4":"format-standard","5":"has-post-thumbnail","7":"category-es","8":"tag-paises-bajos","9":"tag-unstudio","10":"tag-video"},"amp_enabled":true,"_links":{"self":[{"href":"https:\/\/www.professionearchitetto.it\/news\/es\/wp-json\/wp\/v2\/posts\/18539","targetHints":{"allow":["GET"]}}],"collection":[{"href":"https:\/\/www.professionearchitetto.it\/news\/es\/wp-json\/wp\/v2\/posts"}],"about":[{"href":"https:\/\/www.professionearchitetto.it\/news\/es\/wp-json\/wp\/v2\/types\/post"}],"author":[{"embeddable":true,"href":"https:\/\/www.professionearchitetto.it\/news\/es\/wp-json\/wp\/v2\/users\/2"}],"replies":[{"embeddable":true,"href":"https:\/\/www.professionearchitetto.it\/news\/es\/wp-json\/wp\/v2\/comments?post=18539"}],"version-history":[{"count":0,"href":"https:\/\/www.professionearchitetto.it\/news\/es\/wp-json\/wp\/v2\/posts\/18539\/revisions"}],"wp:featuredmedia":[{"embeddable":true,"href":"https:\/\/www.professionearchitetto.it\/news\/es\/wp-json\/wp\/v2\/media\/18541"}],"wp:attachment":[{"href":"https:\/\/www.professionearchitetto.it\/news\/es\/wp-json\/wp\/v2\/media?parent=18539"}],"wp:term":[{"taxonomy":"category","embeddable":true,"href":"https:\/\/www.professionearchitetto.it\/news\/es\/wp-json\/wp\/v2\/categories?post=18539"},{"taxonomy":"post_tag","embeddable":true,"href":"https:\/\/www.professionearchitetto.it\/news\/es\/wp-json\/wp\/v2\/tags?post=18539"}],"curies":[{"name":"wp","href":"https:\/\/api.w.org\/{rel}","templated":true}]}}