{"id":19016,"date":"2016-07-22T01:00:20","date_gmt":"2016-07-22T00:00:20","guid":{"rendered":"https:\/\/noticiasarquitectura.info\/?p=19016"},"modified":"2016-07-22T01:00:20","modified_gmt":"2016-07-22T00:00:20","slug":"brasil-casa-triangulo-sao-paulo-metro-arquitetos","status":"publish","type":"post","link":"https:\/\/www.professionearchitetto.it\/news\/es\/brasil-casa-triangulo-sao-paulo-metro-arquitetos\/","title":{"rendered":"Brasil: Casa Tri\u00e2ngulo, Sao Paulo &#8211; Metro Arquitetos"},"content":{"rendered":"<figure id=\"attachment_19017\" aria-describedby=\"caption-attachment-19017\" style=\"width: 640px\" class=\"wp-caption alignnone\"><a href=\"https:\/\/arcoweb.com.br\/projetodesign\/arquitetura\/metro-arquitetos-casa-triangulo-sp\" target=\"_blank\"><img loading=\"lazy\" decoding=\"async\" class=\"wp-image-19017 size-full\" title=\"Brasil: Casa Tri\u00e2ngulo, Sao Paulo - Metro Arquitetos\" src=\"https:\/\/noticiasarquitectura.info\/wp-content\/uploads\/2016\/07\/galeria-triangulo-640.jpg\" alt=\"Brasil: Casa Tri\u00e2ngulo, Sao Paulo - Metro Arquitetos\" width=\"640\" height=\"427\" srcset=\"https:\/\/www.professionearchitetto.it\/up\/nfw\/2016\/07\/galeria-triangulo-640.jpg 640w, https:\/\/www.professionearchitetto.it\/up\/nfw\/2016\/07\/galeria-triangulo-640-330x220.jpg 330w\" sizes=\"auto, (max-width: 640px) 100vw, 640px\" \/><\/a><figcaption id=\"caption-attachment-19017\" class=\"wp-caption-text\">Foto: Leonardo Finotti<\/figcaption><\/figure><p>Brasil &gt; <a href=\"https:\/\/www.casatriangulo.com\" target=\"_blank\">Casa Tri\u00e2ngulo<\/a>, galer\u00eda de arte en Sao Paulo, dise\u00f1ada por <a href=\"http:\/\/www.metroo.com.br\/\" target=\"_blank\">Metro Arquitetos <\/a>[<a href=\"https:\/\/arcoweb.com.br\/projetodesign\/arquitetura\/metro-arquitetos-casa-triangulo-sp\" target=\"_blank\">ARCOweb<\/a>]<\/p>","protected":false},"excerpt":{"rendered":"<p>Brasil &gt; Casa Tri\u00e2ngulo, galer\u00eda de arte en Sao Paulo, dise\u00f1ada por Metro Arquitetos [ARCOweb]<\/p>\n","protected":false},"author":2,"featured_media":19018,"comment_status":"open","ping_status":"open","sticky":false,"template":"","format":"standard","meta":{"footnotes":""},"categories":[4],"tags":[83,532],"class_list":{"0":"post-19016","1":"post","2":"type-post","3":"status-publish","4":"format-standard","5":"has-post-thumbnail","7":"category-es","8":"tag-brasil","9":"tag-metro-arquitetos"},"amp_enabled":true,"_links":{"self":[{"href":"https:\/\/www.professionearchitetto.it\/news\/es\/wp-json\/wp\/v2\/posts\/19016","targetHints":{"allow":["GET"]}}],"collection":[{"href":"https:\/\/www.professionearchitetto.it\/news\/es\/wp-json\/wp\/v2\/posts"}],"about":[{"href":"https:\/\/www.professionearchitetto.it\/news\/es\/wp-json\/wp\/v2\/types\/post"}],"author":[{"embeddable":true,"href":"https:\/\/www.professionearchitetto.it\/news\/es\/wp-json\/wp\/v2\/users\/2"}],"replies":[{"embeddable":true,"href":"https:\/\/www.professionearchitetto.it\/news\/es\/wp-json\/wp\/v2\/comments?post=19016"}],"version-history":[{"count":0,"href":"https:\/\/www.professionearchitetto.it\/news\/es\/wp-json\/wp\/v2\/posts\/19016\/revisions"}],"wp:featuredmedia":[{"embeddable":true,"href":"https:\/\/www.professionearchitetto.it\/news\/es\/wp-json\/wp\/v2\/media\/19018"}],"wp:attachment":[{"href":"https:\/\/www.professionearchitetto.it\/news\/es\/wp-json\/wp\/v2\/media?parent=19016"}],"wp:term":[{"taxonomy":"category","embeddable":true,"href":"https:\/\/www.professionearchitetto.it\/news\/es\/wp-json\/wp\/v2\/categories?post=19016"},{"taxonomy":"post_tag","embeddable":true,"href":"https:\/\/www.professionearchitetto.it\/news\/es\/wp-json\/wp\/v2\/tags?post=19016"}],"curies":[{"name":"wp","href":"https:\/\/api.w.org\/{rel}","templated":true}]}}