{"id":19124,"date":"2016-11-21T00:26:38","date_gmt":"2016-11-20T23:26:38","guid":{"rendered":"https:\/\/noticiasarquitectura.info\/?p=19124"},"modified":"2016-11-21T00:26:38","modified_gmt":"2016-11-20T23:26:38","slug":"espana-casa-calders-barcelona-narch","status":"publish","type":"post","link":"https:\/\/www.professionearchitetto.it\/news\/es\/espana-casa-calders-barcelona-narch\/","title":{"rendered":"Espa\u00f1a: Casa en Calders, Barcelona &#8211; Narch"},"content":{"rendered":"<figure id=\"attachment_19125\" aria-describedby=\"caption-attachment-19125\" style=\"width: 640px\" class=\"wp-caption alignnone\"><a href=\"http:\/\/www.domusweb.it\/en\/architecture\/2016\/11\/18\/calders_house_joan_ramon_pascuets_monica_mosset_.html\" target=\"_blank\"><img loading=\"lazy\" decoding=\"async\" class=\"wp-image-19125 size-full\" title=\"Espa\u00f1a: Casa en Calders, Barcelona - Narch\" src=\"https:\/\/noticiasarquitectura.info\/wp-content\/uploads\/2016\/11\/casa-en-calders-640.jpg\" alt=\"Espa\u00f1a: Casa en Calders, Barcelona - Narch\" width=\"640\" height=\"425\" srcset=\"https:\/\/www.professionearchitetto.it\/up\/nfw\/2016\/11\/casa-en-calders-640.jpg 640w, https:\/\/www.professionearchitetto.it\/up\/nfw\/2016\/11\/casa-en-calders-640-330x219.jpg 330w\" sizes=\"auto, (max-width: 640px) 100vw, 640px\" \/><\/a><figcaption id=\"caption-attachment-19125\" class=\"wp-caption-text\">Foto: Adri\u00e0 Goula<\/figcaption><\/figure>\r\n<p>Espa\u00f1a &gt; Casa en <a href=\"https:\/\/es.wikipedia.org\/wiki\/Calders\" target=\"_blank\">Calders<\/a>, Barcelona, dise\u00f1ada por el estudio <a href=\"http:\/\/www.narch.eu\" target=\"_blank\">Narch<\/a> &#8211; Joan Ram\u00f3n Pascuets y M\u00f3nica Mosset [<a href=\"http:\/\/www.domusweb.it\/en\/architecture\/2016\/11\/18\/calders_house_joan_ramon_pascuets_monica_mosset_.html\" target=\"_blank\">Domus<\/a>]<\/p>","protected":false},"excerpt":{"rendered":"<p>Espa\u00f1a &gt; Casa en Calders, Barcelona, dise\u00f1ada por el estudio Narch &#8211; Joan Ram\u00f3n Pascuets y M\u00f3nica Mosset [Domus]<\/p>\n","protected":false},"author":2,"featured_media":19126,"comment_status":"open","ping_status":"open","sticky":false,"template":"","format":"standard","meta":{"footnotes":""},"categories":[4],"tags":[14,1868,12],"class_list":{"0":"post-19124","1":"post","2":"type-post","3":"status-publish","4":"format-standard","5":"has-post-thumbnail","7":"category-es","8":"tag-espana","9":"tag-narch","10":"tag-vivienda"},"amp_enabled":true,"_links":{"self":[{"href":"https:\/\/www.professionearchitetto.it\/news\/es\/wp-json\/wp\/v2\/posts\/19124","targetHints":{"allow":["GET"]}}],"collection":[{"href":"https:\/\/www.professionearchitetto.it\/news\/es\/wp-json\/wp\/v2\/posts"}],"about":[{"href":"https:\/\/www.professionearchitetto.it\/news\/es\/wp-json\/wp\/v2\/types\/post"}],"author":[{"embeddable":true,"href":"https:\/\/www.professionearchitetto.it\/news\/es\/wp-json\/wp\/v2\/users\/2"}],"replies":[{"embeddable":true,"href":"https:\/\/www.professionearchitetto.it\/news\/es\/wp-json\/wp\/v2\/comments?post=19124"}],"version-history":[{"count":0,"href":"https:\/\/www.professionearchitetto.it\/news\/es\/wp-json\/wp\/v2\/posts\/19124\/revisions"}],"wp:featuredmedia":[{"embeddable":true,"href":"https:\/\/www.professionearchitetto.it\/news\/es\/wp-json\/wp\/v2\/media\/19126"}],"wp:attachment":[{"href":"https:\/\/www.professionearchitetto.it\/news\/es\/wp-json\/wp\/v2\/media?parent=19124"}],"wp:term":[{"taxonomy":"category","embeddable":true,"href":"https:\/\/www.professionearchitetto.it\/news\/es\/wp-json\/wp\/v2\/categories?post=19124"},{"taxonomy":"post_tag","embeddable":true,"href":"https:\/\/www.professionearchitetto.it\/news\/es\/wp-json\/wp\/v2\/tags?post=19124"}],"curies":[{"name":"wp","href":"https:\/\/api.w.org\/{rel}","templated":true}]}}