{"id":20281,"date":"2020-07-26T18:11:13","date_gmt":"2020-07-26T17:11:13","guid":{"rendered":"https:\/\/noticiasarquitectura.info\/?p=20281"},"modified":"2020-07-26T18:11:14","modified_gmt":"2020-07-26T17:11:14","slug":"mexico-centro-educativo-de-morelia-ivan-marin-arquitectura-doho-constructivo","status":"publish","type":"post","link":"https:\/\/www.professionearchitetto.it\/news\/es\/mexico-centro-educativo-de-morelia-ivan-marin-arquitectura-doho-constructivo\/","title":{"rendered":"M\u00e9xico: Centro educativo de Morelia &#8211; Iv\u00e1n Mar\u00edn Arquitectura + Doho constructivo"},"content":{"rendered":"\n<figure class=\"wp-block-image size-large is-resized\"><a href=\"https:\/\/www.plataformaarquitectura.cl\/cl\/923997\/centro-cultural-del-centro-educativo-de-morelia-ivan-marin-plus-doho-constructivo\" target=\"_blank\" rel=\"noopener noreferrer\"><img loading=\"lazy\" decoding=\"async\" src=\"https:\/\/noticiasarquitectura.info\/wp-content\/uploads\/2020\/07\/CentroeducativodeMorelia640.jpg\" alt=\"M\u00e9xico: Centro educativo de Morelia - Iv\u00e1n Mar\u00edn Arquitectura + Doho constructivo\" class=\"wp-image-20283\" width=\"640\" height=\"359\" srcset=\"https:\/\/www.professionearchitetto.it\/up\/nfw\/2020\/07\/CentroeducativodeMorelia640.jpg 640w, https:\/\/www.professionearchitetto.it\/up\/nfw\/2020\/07\/CentroeducativodeMorelia640-330x185.jpg 330w\" sizes=\"auto, (max-width: 640px) 100vw, 640px\" \/><\/a><figcaption>Foto: Jose Carlos Macouzet, Eduardo Armenta<\/figcaption><\/figure>\n\n\n\n<p>M\u00e9xico > Centro educativo de Morelia, obra de <a href=\"http:\/\/www.ivanmarin.mx\/\" target=\"_blank\" aria-label=\"undefined (abre en una nueva pesta\u00f1a)\" rel=\"noreferrer noopener\">Iv\u00e1n Mar\u00edn Arquitectura<\/a> + <a href=\"http:\/\/doho.mx\/\" target=\"_blank\" aria-label=\"undefined (abre en una nueva pesta\u00f1a)\" rel=\"noreferrer noopener\">Doho constructivo<\/a> [<a href=\"https:\/\/www.plataformaarquitectura.cl\/cl\/923997\/centro-cultural-del-centro-educativo-de-morelia-ivan-marin-plus-doho-constructivo\" target=\"_blank\" aria-label=\"undefined (abre en una nueva pesta\u00f1a)\" rel=\"noreferrer noopener\">Plataforma Arquitectura<\/a>]<\/p>\n","protected":false},"excerpt":{"rendered":"<p>M\u00e9xico > Centro educativo de Morelia, obra de Iv\u00e1n Mar\u00edn Arquitectura + Doho constructivo [Plataforma Arquitectura]<\/p>\n","protected":false},"author":2,"featured_media":20282,"comment_status":"open","ping_status":"open","sticky":false,"template":"","format":"standard","meta":{"footnotes":""},"categories":[4],"tags":[2119,2118,21],"class_list":{"0":"post-20281","1":"post","2":"type-post","3":"status-publish","4":"format-standard","5":"has-post-thumbnail","7":"category-es","8":"tag-doho-constructivo","9":"tag-ivan-marin-arquitectura","10":"tag-mexico"},"amp_enabled":true,"_links":{"self":[{"href":"https:\/\/www.professionearchitetto.it\/news\/es\/wp-json\/wp\/v2\/posts\/20281","targetHints":{"allow":["GET"]}}],"collection":[{"href":"https:\/\/www.professionearchitetto.it\/news\/es\/wp-json\/wp\/v2\/posts"}],"about":[{"href":"https:\/\/www.professionearchitetto.it\/news\/es\/wp-json\/wp\/v2\/types\/post"}],"author":[{"embeddable":true,"href":"https:\/\/www.professionearchitetto.it\/news\/es\/wp-json\/wp\/v2\/users\/2"}],"replies":[{"embeddable":true,"href":"https:\/\/www.professionearchitetto.it\/news\/es\/wp-json\/wp\/v2\/comments?post=20281"}],"version-history":[{"count":0,"href":"https:\/\/www.professionearchitetto.it\/news\/es\/wp-json\/wp\/v2\/posts\/20281\/revisions"}],"wp:featuredmedia":[{"embeddable":true,"href":"https:\/\/www.professionearchitetto.it\/news\/es\/wp-json\/wp\/v2\/media\/20282"}],"wp:attachment":[{"href":"https:\/\/www.professionearchitetto.it\/news\/es\/wp-json\/wp\/v2\/media?parent=20281"}],"wp:term":[{"taxonomy":"category","embeddable":true,"href":"https:\/\/www.professionearchitetto.it\/news\/es\/wp-json\/wp\/v2\/categories?post=20281"},{"taxonomy":"post_tag","embeddable":true,"href":"https:\/\/www.professionearchitetto.it\/news\/es\/wp-json\/wp\/v2\/tags?post=20281"}],"curies":[{"name":"wp","href":"https:\/\/api.w.org\/{rel}","templated":true}]}}