{"id":2048,"date":"2012-01-24T22:55:10","date_gmt":"2012-01-24T21:55:10","guid":{"rendered":"http:\/\/w2.noticiasarquitectura.info\/blog\/brasil-teleferico-del-complexo-do-alemao-jorge-mario-jauregui\/"},"modified":"2012-01-24T22:55:10","modified_gmt":"2012-01-24T21:55:10","slug":"brasil-teleferico-del-complexo-do-alemao-jorge-mario-jauregui","status":"publish","type":"post","link":"https:\/\/www.professionearchitetto.it\/news\/es\/brasil-teleferico-del-complexo-do-alemao-jorge-mario-jauregui\/","title":{"rendered":"Brasil: Telef\u00e9rico del &#8216;Complexo do Alem\u00e3o&#8217; &#8211; Jorge Mario J\u00e1uregui"},"content":{"rendered":"<div class=\"testo_es\"><p>Brasil &gt; Estaciones del telef&eacute;rico en el &#8216;<a href=\"http:\/\/pt.wikipedia.org\/wiki\/Complexo_do_Alem%C3%A3o\" target=\"_blank\">Complexo  do Alem&atilde;o<\/a>&#8216;, un conjunto de trece favelas en la zona norte de Rio de Janeiro,  obra de <a href=\"http:\/\/www.jauregui.arq.br\/\" target=\"_blank\"> Jorge Mario J&aacute;uregui<\/a> [<a href=\"http:\/\/www.arcoweb.com.br\/arquitetura\/jorge-mario-jauregui-estacoes-teleferico-rio-janeiro-24-01-2012.html\" target=\"_blank\">ARCOWEB<\/a>]<\/p><\/div>\n","protected":false},"excerpt":{"rendered":"<p>Brasil &gt; Estaciones del telef&eacute;rico en el &#8216;Complexo do Alem&atilde;o&#8216;, un conjunto de trece favelas en la zona norte de Rio de Janeiro, obra de Jorge Mario J&aacute;uregui [ARCOWEB]<\/p>\n","protected":false},"author":1,"featured_media":2049,"comment_status":"open","ping_status":"open","sticky":false,"template":"","format":"standard","meta":{"footnotes":""},"categories":[4],"tags":[83,628],"class_list":{"0":"post-2048","1":"post","2":"type-post","3":"status-publish","4":"format-standard","5":"has-post-thumbnail","7":"category-es","8":"tag-brasil","9":"tag-jorge-mario-jauregui"},"amp_enabled":true,"_links":{"self":[{"href":"https:\/\/www.professionearchitetto.it\/news\/es\/wp-json\/wp\/v2\/posts\/2048","targetHints":{"allow":["GET"]}}],"collection":[{"href":"https:\/\/www.professionearchitetto.it\/news\/es\/wp-json\/wp\/v2\/posts"}],"about":[{"href":"https:\/\/www.professionearchitetto.it\/news\/es\/wp-json\/wp\/v2\/types\/post"}],"author":[{"embeddable":true,"href":"https:\/\/www.professionearchitetto.it\/news\/es\/wp-json\/wp\/v2\/users\/1"}],"replies":[{"embeddable":true,"href":"https:\/\/www.professionearchitetto.it\/news\/es\/wp-json\/wp\/v2\/comments?post=2048"}],"version-history":[{"count":0,"href":"https:\/\/www.professionearchitetto.it\/news\/es\/wp-json\/wp\/v2\/posts\/2048\/revisions"}],"wp:featuredmedia":[{"embeddable":true,"href":"https:\/\/www.professionearchitetto.it\/news\/es\/wp-json\/wp\/v2\/media\/2049"}],"wp:attachment":[{"href":"https:\/\/www.professionearchitetto.it\/news\/es\/wp-json\/wp\/v2\/media?parent=2048"}],"wp:term":[{"taxonomy":"category","embeddable":true,"href":"https:\/\/www.professionearchitetto.it\/news\/es\/wp-json\/wp\/v2\/categories?post=2048"},{"taxonomy":"post_tag","embeddable":true,"href":"https:\/\/www.professionearchitetto.it\/news\/es\/wp-json\/wp\/v2\/tags?post=2048"}],"curies":[{"name":"wp","href":"https:\/\/api.w.org\/{rel}","templated":true}]}}