{"id":20976,"date":"2021-04-28T16:58:10","date_gmt":"2021-04-28T15:58:10","guid":{"rendered":"https:\/\/noticiasarquitectura.info\/?p=20976"},"modified":"2021-04-28T16:58:12","modified_gmt":"2021-04-28T15:58:12","slug":"japon-casa-jardin-mamm-design","status":"publish","type":"post","link":"https:\/\/www.professionearchitetto.it\/news\/es\/japon-casa-jardin-mamm-design\/","title":{"rendered":"Jap\u00f3n: Casa-Jard\u00edn \/ MAMM DESIGN"},"content":{"rendered":"\n<div class=\"wp-block-image\"><figure class=\"aligncenter size-large\"><a href=\"https:\/\/www.plataformaarquitectura.cl\/cl\/960613\/casa-jardin-mamm-design\" target=\"_blank\" rel=\"noopener\"><img loading=\"lazy\" decoding=\"async\" width=\"640\" height=\"479\" src=\"https:\/\/noticiasarquitectura.info\/wp-content\/uploads\/2021\/04\/casajardin-640.jpg\" alt=\"Jap\u00f3n: Casa-Jard\u00edn \/ MAMM DESIGN\" class=\"wp-image-20978\" srcset=\"https:\/\/www.professionearchitetto.it\/up\/nfw\/2021\/04\/casajardin-640.jpg 640w, https:\/\/www.professionearchitetto.it\/up\/nfw\/2021\/04\/casajardin-640-330x247.jpg 330w\" sizes=\"auto, (max-width: 640px) 100vw, 640px\" \/><\/a><figcaption>Foto: Takumi Ota<\/figcaption><\/figure><\/div>\n\n\n\n<p>Jap\u00f3n > Casa-Jard\u00edn, en Tokio, dise\u00f1ado por <a href=\"https:\/\/mamm-design.com\/\" target=\"_blank\" rel=\"noreferrer noopener\">MAMM DESIGN<\/a> [<a href=\"https:\/\/www.plataformaarquitectura.cl\/cl\/960613\/casa-jardin-mamm-design\" target=\"_blank\" rel=\"noreferrer noopener\">Plataforma Arquitectura<\/a>]<\/p>\n","protected":false},"excerpt":{"rendered":"<p>Jap\u00f3n > Casa-Jard\u00edn, en Tokio, dise\u00f1ado por MAMM DESIGN [Plataforma Arquitectura]<\/p>\n","protected":false},"author":2,"featured_media":20977,"comment_status":"closed","ping_status":"closed","sticky":false,"template":"","format":"standard","meta":{"footnotes":""},"categories":[4],"tags":[],"class_list":{"0":"post-20976","1":"post","2":"type-post","3":"status-publish","4":"format-standard","5":"has-post-thumbnail","7":"category-es"},"amp_enabled":true,"_links":{"self":[{"href":"https:\/\/www.professionearchitetto.it\/news\/es\/wp-json\/wp\/v2\/posts\/20976","targetHints":{"allow":["GET"]}}],"collection":[{"href":"https:\/\/www.professionearchitetto.it\/news\/es\/wp-json\/wp\/v2\/posts"}],"about":[{"href":"https:\/\/www.professionearchitetto.it\/news\/es\/wp-json\/wp\/v2\/types\/post"}],"author":[{"embeddable":true,"href":"https:\/\/www.professionearchitetto.it\/news\/es\/wp-json\/wp\/v2\/users\/2"}],"replies":[{"embeddable":true,"href":"https:\/\/www.professionearchitetto.it\/news\/es\/wp-json\/wp\/v2\/comments?post=20976"}],"version-history":[{"count":0,"href":"https:\/\/www.professionearchitetto.it\/news\/es\/wp-json\/wp\/v2\/posts\/20976\/revisions"}],"wp:featuredmedia":[{"embeddable":true,"href":"https:\/\/www.professionearchitetto.it\/news\/es\/wp-json\/wp\/v2\/media\/20977"}],"wp:attachment":[{"href":"https:\/\/www.professionearchitetto.it\/news\/es\/wp-json\/wp\/v2\/media?parent=20976"}],"wp:term":[{"taxonomy":"category","embeddable":true,"href":"https:\/\/www.professionearchitetto.it\/news\/es\/wp-json\/wp\/v2\/categories?post=20976"},{"taxonomy":"post_tag","embeddable":true,"href":"https:\/\/www.professionearchitetto.it\/news\/es\/wp-json\/wp\/v2\/tags?post=20976"}],"curies":[{"name":"wp","href":"https:\/\/api.w.org\/{rel}","templated":true}]}}