{"id":21110,"date":"2021-06-29T14:22:11","date_gmt":"2021-06-29T13:22:11","guid":{"rendered":"https:\/\/noticiasarquitectura.info\/?p=21110"},"modified":"2021-06-29T14:22:14","modified_gmt":"2021-06-29T13:22:14","slug":"mexico-casa-nuestro-sueno-espacio-18-arquitectura","status":"publish","type":"post","link":"https:\/\/www.professionearchitetto.it\/news\/es\/mexico-casa-nuestro-sueno-espacio-18-arquitectura\/","title":{"rendered":"M\u00e9xico: Casa Nuestro Sue\u00f1o &#8211; Espacio 18 Arquitectura"},"content":{"rendered":"\n<div class=\"wp-block-image\"><figure class=\"aligncenter size-large is-resized\"><a href=\"https:\/\/www.plataformaarquitectura.cl\/cl\/964099\/casa-once-espacio-18-arquitectura\" target=\"_blank\" rel=\"noopener\"><img loading=\"lazy\" decoding=\"async\" src=\"https:\/\/noticiasarquitectura.info\/wp-content\/uploads\/2021\/06\/Casa-Nuestro-Sueno-640.jpg\" alt=\"M\u00e9xico: Casa Nuestro Sue\u00f1o - Espacio 18 Arquitectura\" class=\"wp-image-21112\" width=\"640\" height=\"426\" srcset=\"https:\/\/www.professionearchitetto.it\/up\/nfw\/2021\/06\/Casa-Nuestro-Sueno-640.jpg 640w, https:\/\/www.professionearchitetto.it\/up\/nfw\/2021\/06\/Casa-Nuestro-Sueno-640-330x220.jpg 330w\" sizes=\"auto, (max-width: 640px) 100vw, 640px\" \/><\/a><figcaption>Foto: Onnis Luque<\/figcaption><\/figure><\/div>\n\n\n\n<p>M\u00e9xico > Casa Nuestro Sue\u00f1o, en Oaxaca, dise\u00f1ada por <a href=\"https:\/\/www.instagram.com\/espacio18\/\" target=\"_blank\" rel=\"noreferrer noopener\">Espacio 18 Arquitectura<\/a> [<a href=\"https:\/\/www.plataformaarquitectura.cl\/cl\/964099\/casa-once-espacio-18-arquitectura\" target=\"_blank\" rel=\"noreferrer noopener\">Plataforma Arquitectura<\/a>]<\/p>\n\n\n","protected":false},"excerpt":{"rendered":"<p>M\u00e9xico > Casa Nuestro Sue\u00f1o, en Oaxaca, dise\u00f1ada por Espacio 18 Arquitectura [Plataforma Arquitectura]<\/p>\n","protected":false},"author":2,"featured_media":21111,"comment_status":"closed","ping_status":"closed","sticky":false,"template":"","format":"standard","meta":{"footnotes":""},"categories":[4],"tags":[2329,21,12],"class_list":{"0":"post-21110","1":"post","2":"type-post","3":"status-publish","4":"format-standard","5":"has-post-thumbnail","7":"category-es","8":"tag-espacio-18-arquitectura","9":"tag-mexico","10":"tag-vivienda"},"amp_enabled":true,"_links":{"self":[{"href":"https:\/\/www.professionearchitetto.it\/news\/es\/wp-json\/wp\/v2\/posts\/21110","targetHints":{"allow":["GET"]}}],"collection":[{"href":"https:\/\/www.professionearchitetto.it\/news\/es\/wp-json\/wp\/v2\/posts"}],"about":[{"href":"https:\/\/www.professionearchitetto.it\/news\/es\/wp-json\/wp\/v2\/types\/post"}],"author":[{"embeddable":true,"href":"https:\/\/www.professionearchitetto.it\/news\/es\/wp-json\/wp\/v2\/users\/2"}],"replies":[{"embeddable":true,"href":"https:\/\/www.professionearchitetto.it\/news\/es\/wp-json\/wp\/v2\/comments?post=21110"}],"version-history":[{"count":0,"href":"https:\/\/www.professionearchitetto.it\/news\/es\/wp-json\/wp\/v2\/posts\/21110\/revisions"}],"wp:featuredmedia":[{"embeddable":true,"href":"https:\/\/www.professionearchitetto.it\/news\/es\/wp-json\/wp\/v2\/media\/21111"}],"wp:attachment":[{"href":"https:\/\/www.professionearchitetto.it\/news\/es\/wp-json\/wp\/v2\/media?parent=21110"}],"wp:term":[{"taxonomy":"category","embeddable":true,"href":"https:\/\/www.professionearchitetto.it\/news\/es\/wp-json\/wp\/v2\/categories?post=21110"},{"taxonomy":"post_tag","embeddable":true,"href":"https:\/\/www.professionearchitetto.it\/news\/es\/wp-json\/wp\/v2\/tags?post=21110"}],"curies":[{"name":"wp","href":"https:\/\/api.w.org\/{rel}","templated":true}]}}